{"id":2094,"date":"2012-10-05T17:13:01","date_gmt":"2012-10-05T20:13:01","guid":{"rendered":"http:\/\/escritacontabilidade.adv.br\/blog\/?p=2094"},"modified":"2012-10-05T17:13:01","modified_gmt":"2012-10-05T20:13:01","slug":"empresas-cadastradas-no-sped-devem-usar-sistema-neste-mes","status":"publish","type":"post","link":"https:\/\/escritacontabilidade.adv.br\/blog\/2012\/10\/empresas-cadastradas-no-sped-devem-usar-sistema-neste-mes\/","title":{"rendered":"Empresas cadastradas no Sped devem usar sistema neste m\u00eas"},"content":{"rendered":"<p> A partir deste m\u00eas, 40.998 empresas paulistas que est\u00e3o inclu\u00eddas na primeira fase do Sped (Sistema P\u00fablico de Escritura\u00e7\u00e3o Digital) ter\u00e3o de enviar dados fiscais por meio virtual para a Secretaria da Fazenda do Estado de S\u00e3o Paulo.<\/p>\n<p>Os empreendedores que j\u00e1 aderiram ao sistema ou foram convocados pela administra\u00e7\u00e3o tribut\u00e1ria do Estado dever\u00e3o entregar at\u00e9 25 de novembro os documentos referentes a outubro. A obrigatoriedade vale para os contribuintes do ICMS e do IPI segundo ato da Fazenda estadual.<\/p>\n<p>As companhias que n\u00e3o cumprirem o acordo ficar\u00e3o sujeitas a multas no valor de R$ 5.000 a cada livro de registros n\u00e3o entregue. Se uma empresa deixar de enviar a EFD (Escritura\u00e7\u00e3o Fiscal Digital) em cinco ocasi\u00f5es, por exemplo, ser\u00e3o consideradas cinco infra\u00e7\u00f5es.<\/p>\n<p>A EFD deve ser encaminhada todos os meses pelos empres\u00e1rios.<\/p>\n<p>Cronograma<\/p>\n<p>De acordo com o cronograma feito pela Secretaria da Fazenda, mais 173.307 empreendedores dever\u00e3o se cadastrar no programa at\u00e9 2014.<\/p>\n<p>Al\u00e9m desta primeira etapa, em outubro, haver\u00e1 mais cinco fases de adapta\u00e7\u00e3o antes de o sistema entrar definitivamente em vigor: em janeiro, mar\u00e7o, julho e outubro de 2013, e em janeiro de 2014.<\/p>\n<p>Criado em 2007 pelo governo federal como parte do PAC (Programa de Acelera\u00e7\u00e3o do Crescimento), o Sped \u00e9 um instrumento que unifica atividades, como a autentica\u00e7\u00e3o de livros fiscais que integram a escritura\u00e7\u00e3o de empres\u00e1rios, em um sistema computadorizado de informa\u00e7\u00f5es.<\/p>\n<p>A validade jur\u00eddica desse formato \u00e9 assegurada pela assinatura eletr\u00f4nica do contribuinte.<\/p>\n<p>Os empreendedores que quiserem aderir voluntariamente ao Sped devem se cadastrar nosite da Secretaria da Fazenda, utilizando certificado digital.<\/p>\n<p>Uma vez inscrita, todos os estabelecimentos da empresa no Estado entram no sistema.<\/p>\n","protected":false},"excerpt":{"rendered":"<p>A partir deste m\u00eas, 40.998 empresas paulistas que est\u00e3o inclu\u00eddas na primeira fase do Sped (Sistema P\u00fablico de Escritura\u00e7\u00e3o Digital) ter\u00e3o de enviar dados fiscais por meio virtual para a Secretaria da Fazenda do Estado de S\u00e3o Paulo. Os empreendedores que j\u00e1 aderiram ao sistema ou foram convocados pela administra\u00e7\u00e3o tribut\u00e1ria do Estado dever\u00e3o entregar [&hellip;]<\/p>\n","protected":false},"author":1,"featured_media":0,"comment_status":"open","ping_status":"open","sticky":false,"template":"","format":"standard","meta":{"jetpack_post_was_ever_published":false,"_jetpack_newsletter_access":"","jetpack_publicize_message":"","jetpack_is_tweetstorm":false,"jetpack_publicize_feature_enabled":true,"jetpack_social_post_already_shared":false,"jetpack_social_options":{"image_generator_settings":{"template":"highway","enabled":false}}},"categories":[],"tags":[],"jetpack_publicize_connections":[],"jetpack_featured_media_url":"","jetpack_sharing_enabled":true,"jetpack_shortlink":"https:\/\/wp.me\/p28224-xM","jetpack_likes_enabled":true,"jetpack-related-posts":[],"amp_enabled":true,"_links":{"self":[{"href":"https:\/\/escritacontabilidade.adv.br\/blog\/wp-json\/wp\/v2\/posts\/2094"}],"collection":[{"href":"https:\/\/escritacontabilidade.adv.br\/blog\/wp-json\/wp\/v2\/posts"}],"about":[{"href":"https:\/\/escritacontabilidade.adv.br\/blog\/wp-json\/wp\/v2\/types\/post"}],"author":[{"embeddable":true,"href":"https:\/\/escritacontabilidade.adv.br\/blog\/wp-json\/wp\/v2\/users\/1"}],"replies":[{"embeddable":true,"href":"https:\/\/escritacontabilidade.adv.br\/blog\/wp-json\/wp\/v2\/comments?post=2094"}],"version-history":[{"count":1,"href":"https:\/\/escritacontabilidade.adv.br\/blog\/wp-json\/wp\/v2\/posts\/2094\/revisions"}],"predecessor-version":[{"id":2095,"href":"https:\/\/escritacontabilidade.adv.br\/blog\/wp-json\/wp\/v2\/posts\/2094\/revisions\/2095"}],"wp:attachment":[{"href":"https:\/\/escritacontabilidade.adv.br\/blog\/wp-json\/wp\/v2\/media?parent=2094"}],"wp:term":[{"taxonomy":"category","embeddable":true,"href":"https:\/\/escritacontabilidade.adv.br\/blog\/wp-json\/wp\/v2\/categories?post=2094"},{"taxonomy":"post_tag","embeddable":true,"href":"https:\/\/escritacontabilidade.adv.br\/blog\/wp-json\/wp\/v2\/tags?post=2094"}],"curies":[{"name":"wp","href":"https:\/\/api.w.org\/{rel}","templated":true}]}}