{"id":2088,"date":"2012-10-05T15:50:19","date_gmt":"2012-10-05T18:50:19","guid":{"rendered":"http:\/\/escritacontabilidade.adv.br\/blog\/?p=2088"},"modified":"2012-10-05T15:50:19","modified_gmt":"2012-10-05T18:50:19","slug":"receita-vai-aumentar-fiscalizacao-em-2013","status":"publish","type":"post","link":"https:\/\/escritacontabilidade.adv.br\/blog\/2012\/10\/receita-vai-aumentar-fiscalizacao-em-2013\/","title":{"rendered":"Receita vai aumentar fiscaliza\u00e7\u00e3o em 2013"},"content":{"rendered":"<p>A Receita Federal est\u00e1 agindo de forma mais rigorosa em meio a um cen\u00e1rio de diminui\u00e7\u00e3o do ritmo de arrecada\u00e7\u00e3o ao mesmo tempo em que h\u00e1 um grande volume de d\u00e9bitos. Desta forma, especialistas apontam que as empresas devem ficar mais atentas nas informa\u00e7\u00f5es repassadas para o fisco, que, se estiverem incoerentes, podem at\u00e9 levar ao encerramento da atividade.<\/p>\n<p>Dados da Receita mostram que, desde o per\u00edodo da crise internacional (agosto de 2009), o \u00f3rg\u00e3o tem uma d\u00edvida para parcelamento de seus contribuintes (segundo Lei n\u00famero 11.941) de R$ 32,510 bilh\u00f5es. O valor que envolve tamb\u00e9m optantes pelo Simples Nacional, vai at\u00e9 junho deste ano. Desse montante, o d\u00e9bito com PIS e Cofins representa quase a metade (48,59% ou R$ 15,798 bilh\u00f5es). Em seguida, com 27,30% do total de R$ 32,5 bilh\u00f5es, vem o estoque de Imposto de Renda de Pessoa Jur\u00eddica (IRPJ) e Contribui\u00e7\u00e3o sobre o Lucro L\u00edquido (CSLL), de R$ 8,876 bilh\u00f5es.<\/p>\n<p>Em paralelo, neste contexto foram arrecadados neste ano at\u00e9 agosto R$ 11,668 bilh\u00f5es. Em todo o ano de 2011, foram recolhidos por meio desse parcelamento R$ 21,019 bilh\u00f5es. Em outra importante forma de parcelamento, o Refis, por exemplo, a arrecada\u00e7\u00e3o de janeiro a agosto foi de apenas R$ 208 milh\u00f5es.<\/p>\n<p>Com este cen\u00e1rio, especialistas afirmam que a fiscaliza\u00e7\u00e3o est\u00e1 mais racional e que a tend\u00eancia \u00e9 que continue a aumentar justamente com a moderniza\u00e7\u00e3o do sistema de cobran\u00e7a de impostos, como o Sped.<\/p>\n<p>O Sped inclusive come\u00e7a a ser mais utilizados pelos estados. Desde o in\u00edcio deste m\u00eas, 40.998 contribuintes do Estado de S\u00e3o Paulo passaram a ser obrigadas a usar o sistema. Segundo um novo cronograma do governo estadual, o n\u00famero saltar\u00e1 para 270.656 empresas no curto prazo.<\/p>\n","protected":false},"excerpt":{"rendered":"<p>A Receita Federal est\u00e1 agindo de forma mais rigorosa em meio a um cen\u00e1rio de diminui\u00e7\u00e3o do ritmo de arrecada\u00e7\u00e3o ao mesmo tempo em que h\u00e1 um grande volume de d\u00e9bitos. Desta forma, especialistas apontam que as empresas devem ficar mais atentas nas informa\u00e7\u00f5es repassadas para o fisco, que, se estiverem incoerentes, podem at\u00e9 levar [&hellip;]<\/p>\n","protected":false},"author":1,"featured_media":0,"comment_status":"open","ping_status":"open","sticky":false,"template":"","format":"standard","meta":{"jetpack_post_was_ever_published":false,"_jetpack_newsletter_access":"","jetpack_publicize_message":"","jetpack_is_tweetstorm":false,"jetpack_publicize_feature_enabled":true,"jetpack_social_post_already_shared":false,"jetpack_social_options":{"image_generator_settings":{"template":"highway","enabled":false}}},"categories":[],"tags":[],"jetpack_publicize_connections":[],"jetpack_featured_media_url":"","jetpack_sharing_enabled":true,"jetpack_shortlink":"https:\/\/wp.me\/p28224-xG","jetpack_likes_enabled":true,"jetpack-related-posts":[],"amp_enabled":true,"_links":{"self":[{"href":"https:\/\/escritacontabilidade.adv.br\/blog\/wp-json\/wp\/v2\/posts\/2088"}],"collection":[{"href":"https:\/\/escritacontabilidade.adv.br\/blog\/wp-json\/wp\/v2\/posts"}],"about":[{"href":"https:\/\/escritacontabilidade.adv.br\/blog\/wp-json\/wp\/v2\/types\/post"}],"author":[{"embeddable":true,"href":"https:\/\/escritacontabilidade.adv.br\/blog\/wp-json\/wp\/v2\/users\/1"}],"replies":[{"embeddable":true,"href":"https:\/\/escritacontabilidade.adv.br\/blog\/wp-json\/wp\/v2\/comments?post=2088"}],"version-history":[{"count":1,"href":"https:\/\/escritacontabilidade.adv.br\/blog\/wp-json\/wp\/v2\/posts\/2088\/revisions"}],"predecessor-version":[{"id":2089,"href":"https:\/\/escritacontabilidade.adv.br\/blog\/wp-json\/wp\/v2\/posts\/2088\/revisions\/2089"}],"wp:attachment":[{"href":"https:\/\/escritacontabilidade.adv.br\/blog\/wp-json\/wp\/v2\/media?parent=2088"}],"wp:term":[{"taxonomy":"category","embeddable":true,"href":"https:\/\/escritacontabilidade.adv.br\/blog\/wp-json\/wp\/v2\/categories?post=2088"},{"taxonomy":"post_tag","embeddable":true,"href":"https:\/\/escritacontabilidade.adv.br\/blog\/wp-json\/wp\/v2\/tags?post=2088"}],"curies":[{"name":"wp","href":"https:\/\/api.w.org\/{rel}","templated":true}]}}