{"id":1958,"date":"2012-08-31T16:45:58","date_gmt":"2012-08-31T19:45:58","guid":{"rendered":"http:\/\/escritacontabilidade.adv.br\/blog\/?p=1958"},"modified":"2012-08-31T16:45:58","modified_gmt":"2012-08-31T19:45:58","slug":"fgts-2","status":"publish","type":"post","link":"https:\/\/escritacontabilidade.adv.br\/blog\/2012\/08\/fgts-2\/","title":{"rendered":"FGTS"},"content":{"rendered":"<p>Vence dia 6 de setembro o prazo para recolhimento<br \/>\nNo dia 6-9 (quinta-feira), vence o prazo para recolhimento, sem acr\u00e9scimo, do FGTS &#8211; Fundo de Garantia do Tempo de Servi\u00e7o.<\/p>\n<p>Est\u00e1 obrigado ao recolhimento todo empregador, urbano ou rural. O empregador dom\u00e9stico, quando tiver optado, tamb\u00e9m fica obrigado ao recolhimento.<\/p>\n<p>O fato gerador do recolhimento \u00e9 a remunera\u00e7\u00e3o do m\u00eas de agosto\/2012.<\/p>\n<p>Na aus\u00eancia de fato gerador (sem movimento) das contribui\u00e7\u00f5es para o FGTS e para a Previd\u00eancia Social, o arquivo Sefip deve ser transmitido para a primeira compet\u00eancia da aus\u00eancia de informa\u00e7\u00f5es, sendo dispensada a transmiss\u00e3o de arquivos, para as compet\u00eancias subsequentes, at\u00e9 a ocorr\u00eancia de fato gerador.<\/p>\n<p>Cabe ressaltar que, desde 1-7-2012, o Conectividade Social passa a ter acesso exclusivo por meio da certifica\u00e7\u00e3o digital no padr\u00e3o ICP &#8211; Brasil apenas para as empresas a partir de 11 empregados vinculados.<\/p>\n<p>No caso das empresas com at\u00e9 10 empregados, fica estendido at\u00e9 30-6-2013 o prazo de validade dos certificados eletr\u00f4nicos expedidos em disquete regulamente pela Caixa Econ\u00f4mica Federal.<\/p>\n<p>Penalidade pelo recolhimento fora do prazo: &#8211; V. Edital da Caixa Econ\u00f4mica Federal divulgado no Portal COAD &#8211; Menu OBRIGA\u00c7\u00d5ES &#8211; Se\u00e7\u00e3o de Recolhimento em Atraso.<\/p>\n","protected":false},"excerpt":{"rendered":"<p>Vence dia 6 de setembro o prazo para recolhimento No dia 6-9 (quinta-feira), vence o prazo para recolhimento, sem acr\u00e9scimo, do FGTS &#8211; Fundo de Garantia do Tempo de Servi\u00e7o. Est\u00e1 obrigado ao recolhimento todo empregador, urbano ou rural. O empregador dom\u00e9stico, quando tiver optado, tamb\u00e9m fica obrigado ao recolhimento. O fato gerador do recolhimento [&hellip;]<\/p>\n","protected":false},"author":1,"featured_media":0,"comment_status":"open","ping_status":"open","sticky":false,"template":"","format":"standard","meta":{"jetpack_post_was_ever_published":false,"_jetpack_newsletter_access":"","jetpack_publicize_message":"","jetpack_is_tweetstorm":false,"jetpack_publicize_feature_enabled":true,"jetpack_social_post_already_shared":false,"jetpack_social_options":{"image_generator_settings":{"template":"highway","enabled":false}}},"categories":[],"tags":[],"jetpack_publicize_connections":[],"jetpack_featured_media_url":"","jetpack_sharing_enabled":true,"jetpack_shortlink":"https:\/\/wp.me\/p28224-vA","jetpack_likes_enabled":true,"jetpack-related-posts":[],"amp_enabled":true,"_links":{"self":[{"href":"https:\/\/escritacontabilidade.adv.br\/blog\/wp-json\/wp\/v2\/posts\/1958"}],"collection":[{"href":"https:\/\/escritacontabilidade.adv.br\/blog\/wp-json\/wp\/v2\/posts"}],"about":[{"href":"https:\/\/escritacontabilidade.adv.br\/blog\/wp-json\/wp\/v2\/types\/post"}],"author":[{"embeddable":true,"href":"https:\/\/escritacontabilidade.adv.br\/blog\/wp-json\/wp\/v2\/users\/1"}],"replies":[{"embeddable":true,"href":"https:\/\/escritacontabilidade.adv.br\/blog\/wp-json\/wp\/v2\/comments?post=1958"}],"version-history":[{"count":1,"href":"https:\/\/escritacontabilidade.adv.br\/blog\/wp-json\/wp\/v2\/posts\/1958\/revisions"}],"predecessor-version":[{"id":1959,"href":"https:\/\/escritacontabilidade.adv.br\/blog\/wp-json\/wp\/v2\/posts\/1958\/revisions\/1959"}],"wp:attachment":[{"href":"https:\/\/escritacontabilidade.adv.br\/blog\/wp-json\/wp\/v2\/media?parent=1958"}],"wp:term":[{"taxonomy":"category","embeddable":true,"href":"https:\/\/escritacontabilidade.adv.br\/blog\/wp-json\/wp\/v2\/categories?post=1958"},{"taxonomy":"post_tag","embeddable":true,"href":"https:\/\/escritacontabilidade.adv.br\/blog\/wp-json\/wp\/v2\/tags?post=1958"}],"curies":[{"name":"wp","href":"https:\/\/api.w.org\/{rel}","templated":true}]}}