{"id":1940,"date":"2012-08-31T13:29:21","date_gmt":"2012-08-31T16:29:21","guid":{"rendered":"http:\/\/escritacontabilidade.adv.br\/blog\/?p=1940"},"modified":"2012-08-31T13:29:21","modified_gmt":"2012-08-31T16:29:21","slug":"a-urgencia-de-avancar-na-questao-tributaria-brasileira","status":"publish","type":"post","link":"https:\/\/escritacontabilidade.adv.br\/blog\/2012\/08\/a-urgencia-de-avancar-na-questao-tributaria-brasileira\/","title":{"rendered":"A urg\u00eancia de avan\u00e7ar na quest\u00e3o tribut\u00e1ria brasileira"},"content":{"rendered":"<p>Para o economista Fernando Rezende, a competitividade n\u00e3o permite posterga\u00e7\u00f5es, e o jurista Ives Gandra Martins defende a simplifica\u00e7\u00e3o. Os dois participam hoje de debate promovido pelo BRASIL ECON\u00d4MICO<\/p>\n<p>Rita Karam<br \/>\nO economista Fernando Antonio Rezende Silva, da Escola de Administra\u00e7\u00e3o (Ebape) da Funda\u00e7\u00e3o Getulio Vargas, ex-presidente do Instituto de Pesquisa Econ\u00f4mica Aplicada (Ipea), afirma que o Brasil vive agora um momento favor\u00e1vel para discutir n\u00e3o exclusivamente a reforma tribut\u00e1ria, mas a quest\u00e3o maior que diz respeito \u00e0 qualidade da gest\u00e3o p\u00fablica. Rezende considera que pela primeira vez em 20 anos as quest\u00f5es federativas entraram em discuss\u00e3o pelo governo, como a divis\u00e3o dos royalties do petr\u00f3leo e do Fundo de Participa\u00e7\u00e3o dos Estados, abrindo espa\u00e7o efetivo para a busca de novos caminhos.<\/p>\n<p>\u201cN\u00e3o d\u00e1 para continuar tentando tratar do problema por fatias, sistema tribut\u00e1rio n\u00e3o \u00e9 presunto. N\u00e3o temos mais sistema tribut\u00e1rio\u201d, afirma Rezende, que participa hoje, junto com o jurista Ives Gandra Martins, do debate \u201cReforma Tribut\u00e1ria, desafios e perspectivas\u201d, que ter\u00e1 transmiss\u00e3o ao vivo pelo site do iG e do Brasil Econ\u00f4mico a partir das 10 horas. \u201cEstamos chegando a um momento em que os desafios da competitividade imp\u00f5em a solu\u00e7\u00e3o para a quest\u00e3o tribut\u00e1ria\u201d, diz Rezende. Gandra Martins destaca como primeiro passo entre as a\u00e7\u00f5es necess\u00e1rias para mudar a realidade tribut\u00e1ria brasileira, a simplifica\u00e7\u00e3o do sistema.Para se ter ideia do avan\u00e7o e redu\u00e7\u00e3o de custo que pode ser obtido, o jurista cita um estudo do Banco Mundial com 175 pa\u00edses no qual o Brasil aparece na lideran\u00e7a, com 2,6 mil horas gastas anualmente pelas empresas com a burocracia tribut\u00e1ria. \u201cO grande problema quando a burocracia se instala \u00e9 que passa a criar um mundo de anticorpos contra as reformas, teria de se enfrentar um desgaste pol\u00edtico\u201d, afirma o jurista.Uma outra proposta, que tamb\u00e9m n\u00e3o diminui os recursos enviados aos cofres do governo, mas ajuda a combater a guerra fiscal e a de implantar um regime de semidestino para o ICMS. O estado onde o produto \u00e9 fabricado fica com 4% e o estado comprador paga 14%.<\/p>\n","protected":false},"excerpt":{"rendered":"<p>Para o economista Fernando Rezende, a competitividade n\u00e3o permite posterga\u00e7\u00f5es, e o jurista Ives Gandra Martins defende a simplifica\u00e7\u00e3o. Os dois participam hoje de debate promovido pelo BRASIL ECON\u00d4MICO Rita Karam O economista Fernando Antonio Rezende Silva, da Escola de Administra\u00e7\u00e3o (Ebape) da Funda\u00e7\u00e3o Getulio Vargas, ex-presidente do Instituto de Pesquisa Econ\u00f4mica Aplicada (Ipea), afirma [&hellip;]<\/p>\n","protected":false},"author":1,"featured_media":0,"comment_status":"open","ping_status":"open","sticky":false,"template":"","format":"standard","meta":{"jetpack_post_was_ever_published":false,"_jetpack_newsletter_access":"","jetpack_publicize_message":"","jetpack_is_tweetstorm":false,"jetpack_publicize_feature_enabled":true,"jetpack_social_post_already_shared":false,"jetpack_social_options":{"image_generator_settings":{"template":"highway","enabled":false}}},"categories":[],"tags":[],"jetpack_publicize_connections":[],"jetpack_featured_media_url":"","jetpack_sharing_enabled":true,"jetpack_shortlink":"https:\/\/wp.me\/p28224-vi","jetpack_likes_enabled":true,"jetpack-related-posts":[],"amp_enabled":true,"_links":{"self":[{"href":"https:\/\/escritacontabilidade.adv.br\/blog\/wp-json\/wp\/v2\/posts\/1940"}],"collection":[{"href":"https:\/\/escritacontabilidade.adv.br\/blog\/wp-json\/wp\/v2\/posts"}],"about":[{"href":"https:\/\/escritacontabilidade.adv.br\/blog\/wp-json\/wp\/v2\/types\/post"}],"author":[{"embeddable":true,"href":"https:\/\/escritacontabilidade.adv.br\/blog\/wp-json\/wp\/v2\/users\/1"}],"replies":[{"embeddable":true,"href":"https:\/\/escritacontabilidade.adv.br\/blog\/wp-json\/wp\/v2\/comments?post=1940"}],"version-history":[{"count":1,"href":"https:\/\/escritacontabilidade.adv.br\/blog\/wp-json\/wp\/v2\/posts\/1940\/revisions"}],"predecessor-version":[{"id":1941,"href":"https:\/\/escritacontabilidade.adv.br\/blog\/wp-json\/wp\/v2\/posts\/1940\/revisions\/1941"}],"wp:attachment":[{"href":"https:\/\/escritacontabilidade.adv.br\/blog\/wp-json\/wp\/v2\/media?parent=1940"}],"wp:term":[{"taxonomy":"category","embeddable":true,"href":"https:\/\/escritacontabilidade.adv.br\/blog\/wp-json\/wp\/v2\/categories?post=1940"},{"taxonomy":"post_tag","embeddable":true,"href":"https:\/\/escritacontabilidade.adv.br\/blog\/wp-json\/wp\/v2\/tags?post=1940"}],"curies":[{"name":"wp","href":"https:\/\/api.w.org\/{rel}","templated":true}]}}