{"id":1918,"date":"2012-08-30T15:17:03","date_gmt":"2012-08-30T18:17:03","guid":{"rendered":"http:\/\/escritacontabilidade.adv.br\/blog\/?p=1918"},"modified":"2012-08-30T15:17:03","modified_gmt":"2012-08-30T18:17:03","slug":"empreendedor-individual-ainda-pode-entregar-a-declaracao-anual","status":"publish","type":"post","link":"https:\/\/escritacontabilidade.adv.br\/blog\/2012\/08\/empreendedor-individual-ainda-pode-entregar-a-declaracao-anual\/","title":{"rendered":"Empreendedor Individual ainda pode entregar a declara\u00e7\u00e3o anual"},"content":{"rendered":"<p>Os interessados poder\u00e3o regularizar a situa\u00e7\u00e3o, mas dever\u00e1 pagar multa de no m\u00ednimo R$ 25, podendo aumentar de acordo com a demora<\/p>\n<p>S\u00c3O PAULO &#8211; O prazo para os Empreendedores Individuais entregarem a declara\u00e7\u00e3o anual terminou no dia 31 de maio. Entretanto, quem perdeu a data limite ainda pode regularizar a situa\u00e7\u00e3o, com recolhimento da multa.<br \/>\nPara isso, os interessados dever\u00e3o entrar no site da Receita Federal (www.receita.fazenda.gov.br) e procurar pelo link da Declara\u00e7\u00e3o Anual do Simples Nacional \u2013 Microempreendedor Individual e fornecer as informa\u00e7\u00f5es solicitadas.<\/p>\n<p>A multa inicial \u00e9 de R$ 25, podendo aumentar de acordo com a demora no prazo para entrega. Quem tiver d\u00favidas pode entrar em contato com o Sebrae-SP.<br \/>\nSobre o programa<br \/>\nO programa Empreendedor Individual foi lan\u00e7ado em julho de 2009 com o objetivo de permitir a legaliza\u00e7\u00e3o da atividade dos trabalhadores aut\u00f4nomos. A formaliza\u00e7\u00e3o, que \u00e9 feita pela internet (www.portaldoempreendedor.gov.br), permite aos inscritos a emiss\u00e3o de nota fiscal e a consequente venda de produtos e servi\u00e7os a empresas e governos. Tamb\u00e9m d\u00e1 acesso a benef\u00edcios previdenci\u00e1rios como aposentadoria, aux\u00edlio-doen\u00e7a e sal\u00e1rio-maternidade. A formaliza\u00e7\u00e3o \u00e9 gratuita.<br \/>\nA lei que criou o programa estabelece R$ 60 mil como faturamento m\u00e1ximo anual dos empreendedores. Tamb\u00e9m permite a contrata\u00e7\u00e3o de um empregado. Ultrapassados esses limites, o empreendedor individual pode passar \u00e0 condi\u00e7\u00e3o de microempres\u00e1rio.<\/p>\n","protected":false},"excerpt":{"rendered":"<p>Os interessados poder\u00e3o regularizar a situa\u00e7\u00e3o, mas dever\u00e1 pagar multa de no m\u00ednimo R$ 25, podendo aumentar de acordo com a demora S\u00c3O PAULO &#8211; O prazo para os Empreendedores Individuais entregarem a declara\u00e7\u00e3o anual terminou no dia 31 de maio. Entretanto, quem perdeu a data limite ainda pode regularizar a situa\u00e7\u00e3o, com recolhimento da [&hellip;]<\/p>\n","protected":false},"author":1,"featured_media":0,"comment_status":"open","ping_status":"open","sticky":false,"template":"","format":"standard","meta":{"jetpack_post_was_ever_published":false,"_jetpack_newsletter_access":"","jetpack_publicize_message":"","jetpack_is_tweetstorm":false,"jetpack_publicize_feature_enabled":true,"jetpack_social_post_already_shared":false,"jetpack_social_options":{"image_generator_settings":{"template":"highway","enabled":false}}},"categories":[],"tags":[],"jetpack_publicize_connections":[],"jetpack_featured_media_url":"","jetpack_sharing_enabled":true,"jetpack_shortlink":"https:\/\/wp.me\/p28224-uW","jetpack_likes_enabled":true,"jetpack-related-posts":[],"amp_enabled":true,"_links":{"self":[{"href":"https:\/\/escritacontabilidade.adv.br\/blog\/wp-json\/wp\/v2\/posts\/1918"}],"collection":[{"href":"https:\/\/escritacontabilidade.adv.br\/blog\/wp-json\/wp\/v2\/posts"}],"about":[{"href":"https:\/\/escritacontabilidade.adv.br\/blog\/wp-json\/wp\/v2\/types\/post"}],"author":[{"embeddable":true,"href":"https:\/\/escritacontabilidade.adv.br\/blog\/wp-json\/wp\/v2\/users\/1"}],"replies":[{"embeddable":true,"href":"https:\/\/escritacontabilidade.adv.br\/blog\/wp-json\/wp\/v2\/comments?post=1918"}],"version-history":[{"count":1,"href":"https:\/\/escritacontabilidade.adv.br\/blog\/wp-json\/wp\/v2\/posts\/1918\/revisions"}],"predecessor-version":[{"id":1919,"href":"https:\/\/escritacontabilidade.adv.br\/blog\/wp-json\/wp\/v2\/posts\/1918\/revisions\/1919"}],"wp:attachment":[{"href":"https:\/\/escritacontabilidade.adv.br\/blog\/wp-json\/wp\/v2\/media?parent=1918"}],"wp:term":[{"taxonomy":"category","embeddable":true,"href":"https:\/\/escritacontabilidade.adv.br\/blog\/wp-json\/wp\/v2\/categories?post=1918"},{"taxonomy":"post_tag","embeddable":true,"href":"https:\/\/escritacontabilidade.adv.br\/blog\/wp-json\/wp\/v2\/tags?post=1918"}],"curies":[{"name":"wp","href":"https:\/\/api.w.org\/{rel}","templated":true}]}}