{"id":1755,"date":"2012-08-09T13:42:53","date_gmt":"2012-08-09T16:42:53","guid":{"rendered":"http:\/\/escritacontabilidade.adv.br\/blog\/?p=1755"},"modified":"2012-08-09T13:42:53","modified_gmt":"2012-08-09T16:42:53","slug":"dilma-rousseff-autoriza-antecipacao-do-13o-salario","status":"publish","type":"post","link":"https:\/\/escritacontabilidade.adv.br\/blog\/2012\/08\/dilma-rousseff-autoriza-antecipacao-do-13o-salario\/","title":{"rendered":"Dilma Rousseff autoriza antecipa\u00e7\u00e3o do 13\u00ba sal\u00e1rio"},"content":{"rendered":"<p>Foi publicado, nesta quarta-feira (8), decreto assinado pela presidenta Dilma Rousseff e pelos ministros Garibaldi Alves Filho (Previd\u00eancia Social) e Guido Mantega (Fazenda), que antecipa o pagamento de metade do valor do 13\u00ba dos aposentados e pensionistas do Instituto Nacional do Seguro Social (INSS). A parcela vir\u00e1 j\u00e1 com a folha de agosto, que ser\u00e1 paga entre os dias 27 de agosto e 10 de setembro pr\u00f3ximos.<br \/>\nSer\u00e3o contemplados com a atencipa\u00e7\u00e3o 25.617.695 benef\u00edcios em todo o Brasil. A primeira parcela do abono, de 50% do valor do 13\u00ba, representa uma inje\u00e7\u00e3o extra na economia de R$ 11.220.909.461,78 nos meses de agosto e setembro, al\u00e9m dos cerca de R$ 23.810.835.028,81 bilh\u00f5es do benef\u00edcio mensal. O extrato mensal de pagamento estar\u00e1 dispon\u00edvel para consultas na p\u00e1gina do Minist\u00e9rio da Previd\u00eancia Social na internet a partir do dia 27 de agosto.<\/p>\n<p>N\u00e3o haver\u00e1 desconto de Imposto de Renda (IR) nesta primeira parcela. De acordo com a legisla\u00e7\u00e3o, o IR sobre o 13\u00ba s\u00f3 \u00e9 cobrado em dezembro, quando ser\u00e1 paga a segunda parcela da gratifica\u00e7\u00e3o natalina.<br \/>\n\u00c9 a sexta vez que a Previd\u00eancia paga antecipadamente uma parcela dessa gratifica\u00e7\u00e3o. A primeira foi em 2006, resultado de acordo firmado entre o governo e as entidades representativas de aposentados e pensionistas. O acordo estabelecia que a antecipa\u00e7\u00e3o ocorresse at\u00e9 2010. O governo, atendendo a reivindica\u00e7\u00e3o dos aposentados, manteve a antecipa\u00e7\u00e3o este ano, colaborando, tamb\u00e9m, para o aquecimento da economia.<\/p>\n<p>Valor da antecipa\u00e7\u00e3o &#8211; Aposentados e pensionistas, em sua maioria, receber\u00e3o 50% do valor do benef\u00edcio. A exce\u00e7\u00e3o \u00e9 para quem passou a receber o benef\u00edcio depois de janeiro. Neste caso, o valor ser\u00e1 calculado proporcionalmente.<br \/>\nOs segurados que est\u00e3o em aux\u00edlio-doen\u00e7a tamb\u00e9m recebem uma parcela menor que os 50%. Como esse benef\u00edcio \u00e9 tempor\u00e1rio, o INSS calcula a antecipa\u00e7\u00e3o proporcional ao per\u00edodo. Por exemplo, um benef\u00edcio iniciado em janeiro e ainda em vigor em agosto ter\u00e1 o 13\u00ba terceiro sal\u00e1rio calculado sobre oito meses. O segurado receber\u00e1, portanto, metade deste valor. Em dezembro, caso ainda esteja afastado, o segurado ir\u00e1 receber o restante. Se tiver alta antes, o valor ser\u00e1 calculado at\u00e9 o m\u00eas em que o benef\u00edcio vigorar e acrescido ao \u00faltimo pagamento do benef\u00edcio.<br \/>\nN\u00e3o recebem &#8211; Por lei, n\u00e3o t\u00eam direito ao 13\u00ba sal\u00e1rio os seguintes benef\u00edcios: amparo previdenci\u00e1rio do trabalhador rural, renda mensal vital\u00edcia, amparo assistencial ao idoso e ao deficiente, aux\u00edlio-suplementar por acidente de trabalho, pens\u00e3o mensal vital\u00edcia, abono de perman\u00eancia em servi\u00e7o, vantagem do servidor aposentado pela autarquia empregadora e sal\u00e1rio-fam\u00edlia.<\/p>\n","protected":false},"excerpt":{"rendered":"<p>Foi publicado, nesta quarta-feira (8), decreto assinado pela presidenta Dilma Rousseff e pelos ministros Garibaldi Alves Filho (Previd\u00eancia Social) e Guido Mantega (Fazenda), que antecipa o pagamento de metade do valor do 13\u00ba dos aposentados e pensionistas do Instituto Nacional do Seguro Social (INSS). A parcela vir\u00e1 j\u00e1 com a folha de agosto, que ser\u00e1 [&hellip;]<\/p>\n","protected":false},"author":1,"featured_media":0,"comment_status":"open","ping_status":"open","sticky":false,"template":"","format":"standard","meta":{"jetpack_post_was_ever_published":false,"_jetpack_newsletter_access":"","jetpack_publicize_message":"","jetpack_is_tweetstorm":false,"jetpack_publicize_feature_enabled":true,"jetpack_social_post_already_shared":false,"jetpack_social_options":{"image_generator_settings":{"template":"highway","enabled":false}}},"categories":[],"tags":[],"jetpack_publicize_connections":[],"jetpack_featured_media_url":"","jetpack_sharing_enabled":true,"jetpack_shortlink":"https:\/\/wp.me\/p28224-sj","jetpack_likes_enabled":true,"jetpack-related-posts":[],"amp_enabled":true,"_links":{"self":[{"href":"https:\/\/escritacontabilidade.adv.br\/blog\/wp-json\/wp\/v2\/posts\/1755"}],"collection":[{"href":"https:\/\/escritacontabilidade.adv.br\/blog\/wp-json\/wp\/v2\/posts"}],"about":[{"href":"https:\/\/escritacontabilidade.adv.br\/blog\/wp-json\/wp\/v2\/types\/post"}],"author":[{"embeddable":true,"href":"https:\/\/escritacontabilidade.adv.br\/blog\/wp-json\/wp\/v2\/users\/1"}],"replies":[{"embeddable":true,"href":"https:\/\/escritacontabilidade.adv.br\/blog\/wp-json\/wp\/v2\/comments?post=1755"}],"version-history":[{"count":1,"href":"https:\/\/escritacontabilidade.adv.br\/blog\/wp-json\/wp\/v2\/posts\/1755\/revisions"}],"predecessor-version":[{"id":1756,"href":"https:\/\/escritacontabilidade.adv.br\/blog\/wp-json\/wp\/v2\/posts\/1755\/revisions\/1756"}],"wp:attachment":[{"href":"https:\/\/escritacontabilidade.adv.br\/blog\/wp-json\/wp\/v2\/media?parent=1755"}],"wp:term":[{"taxonomy":"category","embeddable":true,"href":"https:\/\/escritacontabilidade.adv.br\/blog\/wp-json\/wp\/v2\/categories?post=1755"},{"taxonomy":"post_tag","embeddable":true,"href":"https:\/\/escritacontabilidade.adv.br\/blog\/wp-json\/wp\/v2\/tags?post=1755"}],"curies":[{"name":"wp","href":"https:\/\/api.w.org\/{rel}","templated":true}]}}