{"id":1738,"date":"2012-08-06T16:22:48","date_gmt":"2012-08-06T19:22:48","guid":{"rendered":"http:\/\/escritacontabilidade.adv.br\/blog\/?p=1738"},"modified":"2012-08-06T16:22:48","modified_gmt":"2012-08-06T19:22:48","slug":"projeto-explicita-direito-de-contribuinte-pleitear-tributo-pago-de-forma-indevida","status":"publish","type":"post","link":"https:\/\/escritacontabilidade.adv.br\/blog\/2012\/08\/projeto-explicita-direito-de-contribuinte-pleitear-tributo-pago-de-forma-indevida\/","title":{"rendered":"Projeto explicita direito de contribuinte pleitear tributo pago de forma indevida"},"content":{"rendered":"<p>A C\u00e2mara analisa o Projeto de Lei Complementar 167\/12, do deputado licenciado Carlos Bezerra, que busca evidenciar, na reda\u00e7\u00e3o do C\u00f3digo Tribut\u00e1rio Nacional (Lei 5.172\/66), a possibilidade de o \u201ccontribuinte de fato\u201d pleitear junto ao \u201ccontribuinte de direito\u201d a restitui\u00e7\u00e3o do tributo pago de maneira indevida.<\/p>\n<p>Pela proposta, embora o \u201ccontribuinte de fato\u201d (terceiro que arca com o encargo financeiro decorrente da obriga\u00e7\u00e3o tribut\u00e1ria) n\u00e3o possua legitimidade para acionar o Estado, ele poderia mover A\u00e7\u00e3o contra o \u201ccontribuinte de direito\u201d para reaver os valores assumidos indevidamente, j\u00e1 que a rela\u00e7\u00e3o entre os contribuintes \u00e9 de natureza privada.<\/p>\n<p>Na avalia\u00e7\u00e3o do deputado, a reda\u00e7\u00e3o do C\u00f3digo Tribut\u00e1rio Nacional (CTN) j\u00e1 explicita que o sujeito Passivo da obriga\u00e7\u00e3o tribut\u00e1ria \u00e9 a parte leg\u00edtima para pleitear a restitui\u00e7\u00e3o do tributo pago indevidamente.<\/p>\n<p>O CTN define que a restitui\u00e7\u00e3o de tributos pass\u00edveis de transfer\u00eancia do seu encargo financeiro somente \u00e9 feita a quem prove ter assumido o encargo. No caso de transfer\u00eancia a terceiro, ele deve estar expressamente autorizado a receber a restitui\u00e7\u00e3o.<\/p>\n<p>No entanto, acredita Bezerra, \u201cexistem situa\u00e7\u00f5es em que \u00e9 poss\u00edvel ao sujeito Passivo transferir o encargo financeiro decorrente da obriga\u00e7\u00e3o tribut\u00e1ria a terceiro\u201d. \u00c9 a chamada repercuss\u00e3o econ\u00f4mica do tributo. \u201cO CTN busca disciplinar esse caso, mas a reda\u00e7\u00e3o em vigor tem suscitado ampla controv\u00e9rsia doutrin\u00e1ria e jurisprudencial\u201d, explica o deputado.<\/p>\n<p>Tramita\u00e7\u00e3o<br \/>\nO projeto ser\u00e1 analisado pelas comiss\u00f5es de Finan\u00e7as e Tributa\u00e7\u00e3o ; e de Constitui\u00e7\u00e3o e Justi\u00e7a e de Cidadania antes de ir a Plen\u00e1rio.<\/p>\n<p>\u00cdntegra da proposta:<\/p>\n<p>PLP-167\/2012<\/p>\n","protected":false},"excerpt":{"rendered":"<p>A C\u00e2mara analisa o Projeto de Lei Complementar 167\/12, do deputado licenciado Carlos Bezerra, que busca evidenciar, na reda\u00e7\u00e3o do C\u00f3digo Tribut\u00e1rio Nacional (Lei 5.172\/66), a possibilidade de o \u201ccontribuinte de fato\u201d pleitear junto ao \u201ccontribuinte de direito\u201d a restitui\u00e7\u00e3o do tributo pago de maneira indevida. Pela proposta, embora o \u201ccontribuinte de fato\u201d (terceiro que [&hellip;]<\/p>\n","protected":false},"author":1,"featured_media":0,"comment_status":"open","ping_status":"open","sticky":false,"template":"","format":"standard","meta":{"jetpack_post_was_ever_published":false,"_jetpack_newsletter_access":"","jetpack_publicize_message":"","jetpack_is_tweetstorm":false,"jetpack_publicize_feature_enabled":true,"jetpack_social_post_already_shared":false,"jetpack_social_options":{"image_generator_settings":{"template":"highway","enabled":false}}},"categories":[],"tags":[],"jetpack_publicize_connections":[],"jetpack_featured_media_url":"","jetpack_sharing_enabled":true,"jetpack_shortlink":"https:\/\/wp.me\/p28224-s2","jetpack_likes_enabled":true,"jetpack-related-posts":[],"amp_enabled":true,"_links":{"self":[{"href":"https:\/\/escritacontabilidade.adv.br\/blog\/wp-json\/wp\/v2\/posts\/1738"}],"collection":[{"href":"https:\/\/escritacontabilidade.adv.br\/blog\/wp-json\/wp\/v2\/posts"}],"about":[{"href":"https:\/\/escritacontabilidade.adv.br\/blog\/wp-json\/wp\/v2\/types\/post"}],"author":[{"embeddable":true,"href":"https:\/\/escritacontabilidade.adv.br\/blog\/wp-json\/wp\/v2\/users\/1"}],"replies":[{"embeddable":true,"href":"https:\/\/escritacontabilidade.adv.br\/blog\/wp-json\/wp\/v2\/comments?post=1738"}],"version-history":[{"count":1,"href":"https:\/\/escritacontabilidade.adv.br\/blog\/wp-json\/wp\/v2\/posts\/1738\/revisions"}],"predecessor-version":[{"id":1739,"href":"https:\/\/escritacontabilidade.adv.br\/blog\/wp-json\/wp\/v2\/posts\/1738\/revisions\/1739"}],"wp:attachment":[{"href":"https:\/\/escritacontabilidade.adv.br\/blog\/wp-json\/wp\/v2\/media?parent=1738"}],"wp:term":[{"taxonomy":"category","embeddable":true,"href":"https:\/\/escritacontabilidade.adv.br\/blog\/wp-json\/wp\/v2\/categories?post=1738"},{"taxonomy":"post_tag","embeddable":true,"href":"https:\/\/escritacontabilidade.adv.br\/blog\/wp-json\/wp\/v2\/tags?post=1738"}],"curies":[{"name":"wp","href":"https:\/\/api.w.org\/{rel}","templated":true}]}}