{"id":1712,"date":"2012-08-03T15:05:55","date_gmt":"2012-08-03T18:05:55","guid":{"rendered":"http:\/\/escritacontabilidade.adv.br\/blog\/?p=1712"},"modified":"2012-08-03T15:05:55","modified_gmt":"2012-08-03T18:05:55","slug":"contratacao-de-portador-de-deficiencia-quando-e-obrigatoria","status":"publish","type":"post","link":"https:\/\/escritacontabilidade.adv.br\/blog\/2012\/08\/contratacao-de-portador-de-deficiencia-quando-e-obrigatoria\/","title":{"rendered":"Contrata\u00e7\u00e3o de Portador de Defici\u00eancia \u2013 Quando \u00e9 Obrigat\u00f3ria?"},"content":{"rendered":"<p>A legisla\u00e7\u00e3o estabelece que as empresas devam obedecer a um percentual m\u00ednimo de contrata\u00e7\u00e3o de pessoas portadoras de defici\u00eancia em rela\u00e7\u00e3o ao n\u00famero de empregados efetivos.<br \/>\nDe acordo com o Decreto 914\/1993 pessoa portadora de defici\u00eancia \u00e9 aquela que apresenta, em car\u00e1ter permanente, perdas ou anormalidades de sua estrutura ou fun\u00e7\u00e3o psicol\u00f3gica, fisiol\u00f3gica, ou anat\u00f4mica, que gerem incapacidade para o desempenho de atividade, dentro do padr\u00e3o considerado normal para o ser humano.<br \/>\nEmbora pare\u00e7a ser um assunto recente, as normas legais que asseguram o pleno exerc\u00edcio dos direitos individuais e sociais das pessoas portadoras de defici\u00eancias e sua efetiva integra\u00e7\u00e3o social est\u00e3o em vigor desde 1989, com a publica\u00e7\u00e3o da Lei 7.853, de 24 de outubro de 1989.<\/p>\n<p>A legisla\u00e7\u00e3o estabelece que as empresas devam obedecer a um percentual m\u00ednimo de contrata\u00e7\u00e3o de pessoas portadoras de defici\u00eancia em rela\u00e7\u00e3o ao n\u00famero de empregados efetivos.<\/p>\n","protected":false},"excerpt":{"rendered":"<p>A legisla\u00e7\u00e3o estabelece que as empresas devam obedecer a um percentual m\u00ednimo de contrata\u00e7\u00e3o de pessoas portadoras de defici\u00eancia em rela\u00e7\u00e3o ao n\u00famero de empregados efetivos. De acordo com o Decreto 914\/1993 pessoa portadora de defici\u00eancia \u00e9 aquela que apresenta, em car\u00e1ter permanente, perdas ou anormalidades de sua estrutura ou fun\u00e7\u00e3o psicol\u00f3gica, fisiol\u00f3gica, ou anat\u00f4mica, [&hellip;]<\/p>\n","protected":false},"author":1,"featured_media":0,"comment_status":"open","ping_status":"open","sticky":false,"template":"","format":"standard","meta":{"jetpack_post_was_ever_published":false,"_jetpack_newsletter_access":"","jetpack_publicize_message":"","jetpack_is_tweetstorm":false,"jetpack_publicize_feature_enabled":true,"jetpack_social_post_already_shared":false,"jetpack_social_options":{"image_generator_settings":{"template":"highway","enabled":false}}},"categories":[],"tags":[],"jetpack_publicize_connections":[],"jetpack_featured_media_url":"","jetpack_sharing_enabled":true,"jetpack_shortlink":"https:\/\/wp.me\/p28224-rC","jetpack_likes_enabled":true,"jetpack-related-posts":[],"amp_enabled":true,"_links":{"self":[{"href":"https:\/\/escritacontabilidade.adv.br\/blog\/wp-json\/wp\/v2\/posts\/1712"}],"collection":[{"href":"https:\/\/escritacontabilidade.adv.br\/blog\/wp-json\/wp\/v2\/posts"}],"about":[{"href":"https:\/\/escritacontabilidade.adv.br\/blog\/wp-json\/wp\/v2\/types\/post"}],"author":[{"embeddable":true,"href":"https:\/\/escritacontabilidade.adv.br\/blog\/wp-json\/wp\/v2\/users\/1"}],"replies":[{"embeddable":true,"href":"https:\/\/escritacontabilidade.adv.br\/blog\/wp-json\/wp\/v2\/comments?post=1712"}],"version-history":[{"count":1,"href":"https:\/\/escritacontabilidade.adv.br\/blog\/wp-json\/wp\/v2\/posts\/1712\/revisions"}],"predecessor-version":[{"id":1713,"href":"https:\/\/escritacontabilidade.adv.br\/blog\/wp-json\/wp\/v2\/posts\/1712\/revisions\/1713"}],"wp:attachment":[{"href":"https:\/\/escritacontabilidade.adv.br\/blog\/wp-json\/wp\/v2\/media?parent=1712"}],"wp:term":[{"taxonomy":"category","embeddable":true,"href":"https:\/\/escritacontabilidade.adv.br\/blog\/wp-json\/wp\/v2\/categories?post=1712"},{"taxonomy":"post_tag","embeddable":true,"href":"https:\/\/escritacontabilidade.adv.br\/blog\/wp-json\/wp\/v2\/tags?post=1712"}],"curies":[{"name":"wp","href":"https:\/\/api.w.org\/{rel}","templated":true}]}}