{"id":1541,"date":"2012-07-24T17:07:56","date_gmt":"2012-07-24T20:07:56","guid":{"rendered":"http:\/\/escritacontabilidade.adv.br\/blog\/?p=1541"},"modified":"2012-07-24T17:07:56","modified_gmt":"2012-07-24T20:07:56","slug":"receita-lanca-aplicativo-para-orientar-brasileiros-em-viagem-ao-exterior","status":"publish","type":"post","link":"https:\/\/escritacontabilidade.adv.br\/blog\/2012\/07\/receita-lanca-aplicativo-para-orientar-brasileiros-em-viagem-ao-exterior\/","title":{"rendered":"Receita lan\u00e7a aplicativo para orientar brasileiros em viagem ao exterior"},"content":{"rendered":"<p> (Not\u00edcias Ag\u00eancia Brasil &#8211; ABr)<\/p>\n<p>Data: 24\/07\/2012<br \/>\nDesde ontem, (23), brasileiros que viajarem ao exterior t\u00eam \u00e0 disposi\u00e7\u00e3o um aplicativo m\u00f3vel para tirar d\u00favidas sobre o transporte de bagagens. A Receita Federal lan\u00e7ou um programa para tablets e smartphones para facilitar a chegada dos brasileiros que retornam ao pa\u00eds.<\/p>\n<p>Desenvolvido pelo Servi\u00e7o Federal de Processamento de Dados (Serpro), o aplicativo se chama Viajantes no Exterior. Por enquanto, o programa est\u00e1 dispon\u00edvel apenas para o sistema operacional Android, podendo ser baixado na loja virtual do Google. Em breve, a Receita lan\u00e7ar\u00e1 uma vers\u00e3o para o sistema iOS, da Apple.<\/p>\n<p>Por meio do aplicativo, o viajante pode saber que tipo de produto pode trazer ao pa\u00eds e em que situa\u00e7\u00e3o \u00e9 obrigado a declarar a bagagem ao desembarcar no Brasil. Todos os viajantes que retornam ao Brasil precisam preencher a Declara\u00e7\u00e3o de Bagagem Acompanhada (DBA) caso tenha bens a declarar, conforme norma da Receita. O documento somente pode ser entregue em via impressa.<\/p>\n<p>O programa tem quatro itens: v\u00eddeo informativo, dicas de viagem, assistente para entrega da DBA e avalia\u00e7\u00e3o, em que o contribuinte d\u00e1 nota ao programa e envia sugest\u00f5es. Esse \u00e9 o segundo aplicativo m\u00f3vel da Receita lan\u00e7ado nas \u00faltimas semanas. Em junho, o Fisco lan\u00e7ou o programa Pessoa F\u00edsica, que permite ao contribuinte consultar o pagamento da restitui\u00e7\u00e3o do Imposto de Renda.<\/p>\n","protected":false},"excerpt":{"rendered":"<p>(Not\u00edcias Ag\u00eancia Brasil &#8211; ABr) Data: 24\/07\/2012 Desde ontem, (23), brasileiros que viajarem ao exterior t\u00eam \u00e0 disposi\u00e7\u00e3o um aplicativo m\u00f3vel para tirar d\u00favidas sobre o transporte de bagagens. A Receita Federal lan\u00e7ou um programa para tablets e smartphones para facilitar a chegada dos brasileiros que retornam ao pa\u00eds. Desenvolvido pelo Servi\u00e7o Federal de Processamento [&hellip;]<\/p>\n","protected":false},"author":1,"featured_media":0,"comment_status":"open","ping_status":"open","sticky":false,"template":"","format":"standard","meta":{"jetpack_post_was_ever_published":false,"_jetpack_newsletter_access":"","jetpack_publicize_message":"","jetpack_is_tweetstorm":false,"jetpack_publicize_feature_enabled":true,"jetpack_social_post_already_shared":false,"jetpack_social_options":{"image_generator_settings":{"template":"highway","enabled":false}}},"categories":[],"tags":[],"jetpack_publicize_connections":[],"jetpack_featured_media_url":"","jetpack_sharing_enabled":true,"jetpack_shortlink":"https:\/\/wp.me\/p28224-oR","jetpack_likes_enabled":true,"jetpack-related-posts":[{"id":1655,"url":"https:\/\/escritacontabilidade.adv.br\/blog\/2012\/07\/receita-lanca-aplicativo-para-ajudar-viajantes-que-retornam-do-exterior\/","url_meta":{"origin":1541,"position":0},"title":"Receita lan\u00e7a aplicativo para ajudar viajantes que retornam do exterior","author":"Clayton Teles das Merces","date":"31 julho 2012","format":false,"excerpt":"A vers\u00e3o para Android j\u00e1 est\u00e1 dispon\u00edvel para download A Receita lan\u00e7ou, mais um aplicativo para tablets e smartphones. O \"APP Viajantes no Exterior\" \u00e9 um software da \u00e1rea aduaneira que vai ajudar o passageiro que retorna ao Brasil a cumprir as exig\u00eancias da legisla\u00e7\u00e3o a respeito de compras. O\u2026","rel":"","context":"Post similar","block_context":{"text":"Post similar","link":""},"img":{"alt_text":"","src":"","width":0,"height":0},"classes":[]},{"id":2587,"url":"https:\/\/escritacontabilidade.adv.br\/blog\/2013\/02\/burocracia-ameaca-a-paz-fiscal\/","url_meta":{"origin":1541,"position":1},"title":"Burocracia amea\u00e7a a paz fiscal","author":"Clayton Teles das Merces","date":"19 fevereiro 2013","format":false,"excerpt":"O professor titular de Direito Tribut\u00e1rio da USP, Alcides Jorge Costa, defendeu ontem a revoga\u00e7\u00e3o da Resolu\u00e7\u00e3o n\u00ba 13 do Senado Federal, que fixou em 4% a al\u00edquota interestadual do Imposto sobre Circula\u00e7\u00e3o de Mercadorias e Servi\u00e7os (ICMS) para produtos importados, em vigor desde o dia 1\u00ba de janeiro. Integrante\u2026","rel":"","context":"Post similar","block_context":{"text":"Post similar","link":""},"img":{"alt_text":"","src":"","width":0,"height":0},"classes":[]},{"id":1896,"url":"https:\/\/escritacontabilidade.adv.br\/blog\/2012\/08\/receita-federal-da-acesso-ao-siscomex-pela-internet\/","url_meta":{"origin":1541,"position":2},"title":"Receita Federal d\u00e1 acesso ao Siscomex pela internet","author":"Clayton Teles das Merces","date":"24 agosto 2012","format":false,"excerpt":"A Receita Federal lan\u00e7ou nesta quinta-feira a possibilidade de uso do Siscomex Importa\u00e7\u00e3o pela internet, o Siscomex Importa\u00e7\u00e3o Web. O Siscomex \u00e9 um sistema integrado de com\u00e9rcio exterior, que entrou em opera\u00e7\u00e3o em 1997 e que inclui em uma s\u00f3 plataforma o acompanhamento de informa\u00e7\u00f5es de todos os agentes envolvidos\u2026","rel":"","context":"Post similar","block_context":{"text":"Post similar","link":""},"img":{"alt_text":"","src":"","width":0,"height":0},"classes":[]},{"id":4259,"url":"https:\/\/escritacontabilidade.adv.br\/blog\/2014\/02\/onda-tecnologica-invade-a-contabilidade\/","url_meta":{"origin":1541,"position":3},"title":"Onda tecnol\u00f3gica invade a contabilidade","author":"Clayton Teles das Merces","date":"20 fevereiro 2014","format":false,"excerpt":"A tecnologia tomou conta do mundo dos neg\u00f3cios, invadiu as rela\u00e7\u00f5es interpessoais, e, como n\u00e3o podia deixar de ser, ganha espa\u00e7o na contabilidade. Inevit\u00e1veis, as novas ferramentas utilizadas pelo fisco ou por contadores na gest\u00e3o empresarial e por pessoas f\u00edsicas trazem mais seguran\u00e7a ao armazenamento e cruzamento de informa\u00e7\u00f5es e\u2026","rel":"","context":"Post similar","block_context":{"text":"Post similar","link":""},"img":{"alt_text":"","src":"","width":0,"height":0},"classes":[]},{"id":5244,"url":"https:\/\/escritacontabilidade.adv.br\/blog\/2014\/11\/receita-lanca-rascunho-para-declaracao-de-2015\/","url_meta":{"origin":1541,"position":4},"title":"Receita lan\u00e7a \u2018rascunho\u2019 para declara\u00e7\u00e3o de 2015","author":"Clayton Teles das Merces","date":"4 novembro 2014","format":false,"excerpt":"A Receita Federal lan\u00e7ou ontem um programa que permitir\u00e1 ao contribuinte preencher, ao longo do ano, a declara\u00e7\u00e3o do Imposto de Renda Pessoa F\u00edsica do ano seguinte. O aplicativo, chamado \"Rascunho IRPF\", servir\u00e1 para adiantar o preenchimento de diversos dados da declara\u00e7\u00e3o anual, como informa\u00e7\u00f5es de venda de carros, valores\u2026","rel":"","context":"Post similar","block_context":{"text":"Post similar","link":""},"img":{"alt_text":"","src":"","width":0,"height":0},"classes":[]},{"id":6323,"url":"https:\/\/escritacontabilidade.adv.br\/blog\/2016\/02\/programas-de-declaracao-e-entrega-do-ir-2016-sao-liberados-na-quinta-feira\/","url_meta":{"origin":1541,"position":5},"title":"Programas de declara\u00e7\u00e3o e entrega do IR 2016 s\u00e3o liberados na quinta-feira","author":"Clayton Teles das Merces","date":"22 fevereiro 2016","format":false,"excerpt":"Os programas de preenchimento e envio da declara\u00e7\u00e3o do\u00a0Imposto de Renda de 2016\u00a0ser\u00e3o liberados pela Receita Federal nesta quinta-feira, dia 25, a partir das 8h. Apesar da libera\u00e7\u00e3o, a declara\u00e7\u00e3o s\u00f3 poder\u00e1 ser enviada a partir de 1\u00ba de mar\u00e7o, a ter\u00e7a-feira seguinte. At\u00e9 l\u00e1, o sistema da Receita n\u00e3o\u2026","rel":"","context":"Em &quot;Contabilidade&quot;","block_context":{"text":"Contabilidade","link":"https:\/\/escritacontabilidade.adv.br\/blog\/Geral\/geral\/contabilidade\/"},"img":{"alt_text":"","src":"","width":0,"height":0},"classes":[]}],"amp_enabled":true,"_links":{"self":[{"href":"https:\/\/escritacontabilidade.adv.br\/blog\/wp-json\/wp\/v2\/posts\/1541"}],"collection":[{"href":"https:\/\/escritacontabilidade.adv.br\/blog\/wp-json\/wp\/v2\/posts"}],"about":[{"href":"https:\/\/escritacontabilidade.adv.br\/blog\/wp-json\/wp\/v2\/types\/post"}],"author":[{"embeddable":true,"href":"https:\/\/escritacontabilidade.adv.br\/blog\/wp-json\/wp\/v2\/users\/1"}],"replies":[{"embeddable":true,"href":"https:\/\/escritacontabilidade.adv.br\/blog\/wp-json\/wp\/v2\/comments?post=1541"}],"version-history":[{"count":1,"href":"https:\/\/escritacontabilidade.adv.br\/blog\/wp-json\/wp\/v2\/posts\/1541\/revisions"}],"predecessor-version":[{"id":1542,"href":"https:\/\/escritacontabilidade.adv.br\/blog\/wp-json\/wp\/v2\/posts\/1541\/revisions\/1542"}],"wp:attachment":[{"href":"https:\/\/escritacontabilidade.adv.br\/blog\/wp-json\/wp\/v2\/media?parent=1541"}],"wp:term":[{"taxonomy":"category","embeddable":true,"href":"https:\/\/escritacontabilidade.adv.br\/blog\/wp-json\/wp\/v2\/categories?post=1541"},{"taxonomy":"post_tag","embeddable":true,"href":"https:\/\/escritacontabilidade.adv.br\/blog\/wp-json\/wp\/v2\/tags?post=1541"}],"curies":[{"name":"wp","href":"https:\/\/api.w.org\/{rel}","templated":true}]}}