{"id":1535,"date":"2012-07-24T14:15:59","date_gmt":"2012-07-24T17:15:59","guid":{"rendered":"http:\/\/escritacontabilidade.adv.br\/blog\/?p=1535"},"modified":"2012-07-24T14:15:59","modified_gmt":"2012-07-24T17:15:59","slug":"abono-do-pis-sera-liberado-na-terca","status":"publish","type":"post","link":"https:\/\/escritacontabilidade.adv.br\/blog\/2012\/07\/abono-do-pis-sera-liberado-na-terca\/","title":{"rendered":"Abono do PIS ser\u00e1 liberado na ter\u00e7a"},"content":{"rendered":"<p>A Caixa Econ\u00f4mica Federal come\u00e7a na pr\u00f3xima ter\u00e7a-feira a realizar os pagamentos de abono salarial e benef\u00edcios do Programa de Integra\u00e7\u00e3o Social (PIS), relativos ao calend\u00e1rio 2012\/2013. T\u00eam direito ao abono salarial todos os trabalhadores que estejam registrados no PIS\/Pasep h\u00e1 pelo menos cinco anos, que tenham trabalhado por pelo menos 30 dias com carteira assinada em 2011 e que tenham recebido, em m\u00e9dia, at\u00e9 dois sal\u00e1rios m\u00ednimos por m\u00eas no ano passado. O abono equivale ao valor de um sal\u00e1rio m\u00ednimo, atualmente de R$ 622.<br \/>\nTrabalhadores que possuem conta corrente ou poupan\u00e7a na Caixa recebem o cr\u00e9dito automaticamente na conta, a partir da pr\u00f3xima ter\u00e7a, 24. Aqueles que trabalham em empresas parceiras do banco ter\u00e3o o valor creditado na folha de pagamento, entre julho e agosto.<br \/>\nTrabalhadores que n\u00e3o se encaixam nestas condi\u00e7\u00f5es devem retirar o benef\u00edcio nas ag\u00eancias e terminais da Caixa, casas lot\u00e9ricas ou Correspondentes Caixa Aqui. Para esses casos, os saques ficam dispon\u00edveis a partir de 15 de agosto e s\u00e3o liberados de acordo com o m\u00eas de nascimento do benefici\u00e1rio. O abono fica dispon\u00edvel para saque at\u00e9 28 de junho de 2013.<\/p>\n","protected":false},"excerpt":{"rendered":"<p>A Caixa Econ\u00f4mica Federal come\u00e7a na pr\u00f3xima ter\u00e7a-feira a realizar os pagamentos de abono salarial e benef\u00edcios do Programa de Integra\u00e7\u00e3o Social (PIS), relativos ao calend\u00e1rio 2012\/2013. T\u00eam direito ao abono salarial todos os trabalhadores que estejam registrados no PIS\/Pasep h\u00e1 pelo menos cinco anos, que tenham trabalhado por pelo menos 30 dias com carteira [&hellip;]<\/p>\n","protected":false},"author":1,"featured_media":0,"comment_status":"open","ping_status":"open","sticky":false,"template":"","format":"standard","meta":{"jetpack_post_was_ever_published":false,"_jetpack_newsletter_access":"","jetpack_publicize_message":"","jetpack_is_tweetstorm":false,"jetpack_publicize_feature_enabled":true,"jetpack_social_post_already_shared":false,"jetpack_social_options":{"image_generator_settings":{"template":"highway","enabled":false}}},"categories":[],"tags":[],"jetpack_publicize_connections":[],"jetpack_featured_media_url":"","jetpack_sharing_enabled":true,"jetpack_shortlink":"https:\/\/wp.me\/p28224-oL","jetpack_likes_enabled":true,"jetpack-related-posts":[],"amp_enabled":true,"_links":{"self":[{"href":"https:\/\/escritacontabilidade.adv.br\/blog\/wp-json\/wp\/v2\/posts\/1535"}],"collection":[{"href":"https:\/\/escritacontabilidade.adv.br\/blog\/wp-json\/wp\/v2\/posts"}],"about":[{"href":"https:\/\/escritacontabilidade.adv.br\/blog\/wp-json\/wp\/v2\/types\/post"}],"author":[{"embeddable":true,"href":"https:\/\/escritacontabilidade.adv.br\/blog\/wp-json\/wp\/v2\/users\/1"}],"replies":[{"embeddable":true,"href":"https:\/\/escritacontabilidade.adv.br\/blog\/wp-json\/wp\/v2\/comments?post=1535"}],"version-history":[{"count":1,"href":"https:\/\/escritacontabilidade.adv.br\/blog\/wp-json\/wp\/v2\/posts\/1535\/revisions"}],"predecessor-version":[{"id":1536,"href":"https:\/\/escritacontabilidade.adv.br\/blog\/wp-json\/wp\/v2\/posts\/1535\/revisions\/1536"}],"wp:attachment":[{"href":"https:\/\/escritacontabilidade.adv.br\/blog\/wp-json\/wp\/v2\/media?parent=1535"}],"wp:term":[{"taxonomy":"category","embeddable":true,"href":"https:\/\/escritacontabilidade.adv.br\/blog\/wp-json\/wp\/v2\/categories?post=1535"},{"taxonomy":"post_tag","embeddable":true,"href":"https:\/\/escritacontabilidade.adv.br\/blog\/wp-json\/wp\/v2\/tags?post=1535"}],"curies":[{"name":"wp","href":"https:\/\/api.w.org\/{rel}","templated":true}]}}