{"id":1447,"date":"2012-07-10T14:06:01","date_gmt":"2012-07-10T17:06:01","guid":{"rendered":"http:\/\/escritacontabilidade.adv.br\/blog\/?p=1447"},"modified":"2012-07-10T14:06:01","modified_gmt":"2012-07-10T17:06:01","slug":"apos-acerto-de-contas-com-o-leao-e-hora-de-planejar-a-empresa-para-2013","status":"publish","type":"post","link":"https:\/\/escritacontabilidade.adv.br\/blog\/2012\/07\/apos-acerto-de-contas-com-o-leao-e-hora-de-planejar-a-empresa-para-2013\/","title":{"rendered":"Ap\u00f3s acerto de contas com o Le\u00e3o, \u00e9 hora de planejar a empresa para 2013"},"content":{"rendered":"<p>Diante desta realidade, resta ao empreendedor buscar alternativas legais para reduzir o peso tribut\u00e1rio a ele imposto.<br \/>\nPassados os prazos de entrega da Declara\u00e7\u00e3o Anual do Simples Nacional e da Declara\u00e7\u00e3o de Informa\u00e7\u00f5es Econ\u00f4mico-Fiscais da Pessoa Jur\u00eddica, Sescon-SP recomenda in\u00edcio do planejamento para defini\u00e7\u00e3o do regime tribut\u00e1rio a adotar no pr\u00f3ximo ano-calend\u00e1rio<br \/>\nMais um estudo endossa a carga tribut\u00e1ria brasileira como uma das mais altas do mundo. Levantamento da consultoria UHY divulgado recentemente coloca o Brasil em primeiro lugar em cobran\u00e7a de tributos entre os pa\u00edses do BRICS (emergentes), da Am\u00e9rica Latina e da maior parte das na\u00e7\u00f5es ricas.<\/p>\n<p>Diante desta realidade, resta ao empreendedor buscar alternativas legais para reduzir o peso tribut\u00e1rio a ele imposto. Para o presidente do Sescon-SP, Jos\u00e9 Maria Chapina Alcazar, o segundo semestre \u00e9 o per\u00edodo ideal para o planejamento da empresa para o exerc\u00edcio seguinte, especialmente na busca pelo regime tribut\u00e1rio mais adequado: Lucro Real, Lucro Presumido ou Simples Nacional. &#8220;\u00c9 um trabalho que precisa ser feito com anteced\u00eancia, analisando todos os dados corporativos, m\u00eas a m\u00eas, promover simula\u00e7\u00f5es considerando todos os aspectos pertinentes a cada regime de apura\u00e7\u00e3o, fazer proje\u00e7\u00f5es, analisar o contexto econ\u00f4mico, para s\u00f3 depois escolher o modelo mais adequado&#8221;, alerta o l\u00edder setorial, lembrando que a op\u00e7\u00e3o efetiva \u00e9 feita uma \u00fanica vez ao ano, sempre nos primeiros meses.<\/p>\n<p>Outra advert\u00eancia feita pelo empres\u00e1rio cont\u00e1bil diz respeito ao &#8220;modismo da simplifica\u00e7\u00e3o&#8221;. &#8220;Nem sempre o Simples Nacional \u00e9 a melhor alternativa, pois em algumas situa\u00e7\u00f5es pode at\u00e9 mesmo elevar a carga tribut\u00e1ria da empresa, dependendo de alguns fatores&#8221;, ressalta. Chapina Alcazar lembra ainda a import\u00e2ncia de uma boa assessoria cont\u00e1bil em um momento t\u00e3o decisivo, que pode fazer a diferen\u00e7a entre o fracasso ou o sucesso da organiza\u00e7\u00e3o. &#8220;O conhecimento t\u00e9cnico contribui significativamente para uma escolha menos onerosa dentro das possibilidades que a lei permite&#8221;, acrescenta.<\/p>\n","protected":false},"excerpt":{"rendered":"<p>Diante desta realidade, resta ao empreendedor buscar alternativas legais para reduzir o peso tribut\u00e1rio a ele imposto. Passados os prazos de entrega da Declara\u00e7\u00e3o Anual do Simples Nacional e da Declara\u00e7\u00e3o de Informa\u00e7\u00f5es Econ\u00f4mico-Fiscais da Pessoa Jur\u00eddica, Sescon-SP recomenda in\u00edcio do planejamento para defini\u00e7\u00e3o do regime tribut\u00e1rio a adotar no pr\u00f3ximo ano-calend\u00e1rio Mais um estudo [&hellip;]<\/p>\n","protected":false},"author":1,"featured_media":0,"comment_status":"open","ping_status":"open","sticky":false,"template":"","format":"standard","meta":{"jetpack_post_was_ever_published":false,"_jetpack_newsletter_access":"","jetpack_publicize_message":"","jetpack_is_tweetstorm":false,"jetpack_publicize_feature_enabled":true,"jetpack_social_post_already_shared":false,"jetpack_social_options":{"image_generator_settings":{"template":"highway","enabled":false}}},"categories":[],"tags":[],"jetpack_publicize_connections":[],"jetpack_featured_media_url":"","jetpack_sharing_enabled":true,"jetpack_shortlink":"https:\/\/wp.me\/p28224-nl","jetpack_likes_enabled":true,"jetpack-related-posts":[],"amp_enabled":true,"_links":{"self":[{"href":"https:\/\/escritacontabilidade.adv.br\/blog\/wp-json\/wp\/v2\/posts\/1447"}],"collection":[{"href":"https:\/\/escritacontabilidade.adv.br\/blog\/wp-json\/wp\/v2\/posts"}],"about":[{"href":"https:\/\/escritacontabilidade.adv.br\/blog\/wp-json\/wp\/v2\/types\/post"}],"author":[{"embeddable":true,"href":"https:\/\/escritacontabilidade.adv.br\/blog\/wp-json\/wp\/v2\/users\/1"}],"replies":[{"embeddable":true,"href":"https:\/\/escritacontabilidade.adv.br\/blog\/wp-json\/wp\/v2\/comments?post=1447"}],"version-history":[{"count":1,"href":"https:\/\/escritacontabilidade.adv.br\/blog\/wp-json\/wp\/v2\/posts\/1447\/revisions"}],"predecessor-version":[{"id":1448,"href":"https:\/\/escritacontabilidade.adv.br\/blog\/wp-json\/wp\/v2\/posts\/1447\/revisions\/1448"}],"wp:attachment":[{"href":"https:\/\/escritacontabilidade.adv.br\/blog\/wp-json\/wp\/v2\/media?parent=1447"}],"wp:term":[{"taxonomy":"category","embeddable":true,"href":"https:\/\/escritacontabilidade.adv.br\/blog\/wp-json\/wp\/v2\/categories?post=1447"},{"taxonomy":"post_tag","embeddable":true,"href":"https:\/\/escritacontabilidade.adv.br\/blog\/wp-json\/wp\/v2\/tags?post=1447"}],"curies":[{"name":"wp","href":"https:\/\/api.w.org\/{rel}","templated":true}]}}