{"id":1422,"date":"2012-07-06T15:08:07","date_gmt":"2012-07-06T18:08:07","guid":{"rendered":"http:\/\/escritacontabilidade.adv.br\/blog\/?p=1422"},"modified":"2012-07-06T15:08:07","modified_gmt":"2012-07-06T18:08:07","slug":"divulgadas-as-variacoes-do-ipca-e-do-inpc-para-junho2012","status":"publish","type":"post","link":"https:\/\/escritacontabilidade.adv.br\/blog\/2012\/07\/divulgadas-as-variacoes-do-ipca-e-do-inpc-para-junho2012\/","title":{"rendered":"Divulgadas as varia\u00e7\u00f5es do IPCA e do INPC para junho\/2012"},"content":{"rendered":"<p>O \u00cdndice Nacional de Pre\u00e7os ao Consumidor Amplo (IPCA) apresentou varia\u00e7\u00e3o de 0,08% em junho, apresentando uma forte desacelera\u00e7\u00e3o em rela\u00e7\u00e3o \u00e0 taxa de 0,36% registrada no m\u00eas de maio. Com o resultado de junho, o menor desde agosto de 2010 (0,04%), o primeiro semestre do ano fechou em 2,32%, bem abaixo dos 3,87% relativos ao primeiro semestre de 2011. Considerando os \u00faltimos doze meses, o \u00edndice situou-se em 4,92%, o mais baixo desde setembro de 2010 (4,70%) e inferior aos doze meses imediatamente anteriores (4,99%), dando continuidade \u00e0 trajet\u00f3ria decrescente iniciada de setembro para outubro de 2011, quando passou de 7,31% para 6,97%. Em junho de 2011, a taxa havia ficado em 0,15%.<\/p>\n<p>O \u00cdndice Nacional de Pre\u00e7os ao Consumidor &#8211; INPC apresentou varia\u00e7\u00e3o de 0,26% em junho, bem abaixo do resultado de 0,55% de maio. Com isso, o primeiro semestre do ano fechou em 2,56%, tamb\u00e9m abaixo da taxa de 3,70% relativa ao primeiro semestre de 2011. Considerando os \u00faltimos doze meses, o \u00edndice situou-se em 4,90%, pr\u00f3ximo dos doze meses imediatamente anteriores (4,86%). Em junho de 2011, o INPC havia ficado em 0,22%.<\/p>\n","protected":false},"excerpt":{"rendered":"<p>O \u00cdndice Nacional de Pre\u00e7os ao Consumidor Amplo (IPCA) apresentou varia\u00e7\u00e3o de 0,08% em junho, apresentando uma forte desacelera\u00e7\u00e3o em rela\u00e7\u00e3o \u00e0 taxa de 0,36% registrada no m\u00eas de maio. Com o resultado de junho, o menor desde agosto de 2010 (0,04%), o primeiro semestre do ano fechou em 2,32%, bem abaixo dos 3,87% relativos [&hellip;]<\/p>\n","protected":false},"author":1,"featured_media":0,"comment_status":"open","ping_status":"open","sticky":false,"template":"","format":"standard","meta":{"jetpack_post_was_ever_published":false,"_jetpack_newsletter_access":"","jetpack_publicize_message":"","jetpack_is_tweetstorm":false,"jetpack_publicize_feature_enabled":true,"jetpack_social_post_already_shared":false,"jetpack_social_options":{"image_generator_settings":{"template":"highway","enabled":false}}},"categories":[],"tags":[],"jetpack_publicize_connections":[],"jetpack_featured_media_url":"","jetpack_sharing_enabled":true,"jetpack_shortlink":"https:\/\/wp.me\/p28224-mW","jetpack_likes_enabled":true,"jetpack-related-posts":[],"amp_enabled":true,"_links":{"self":[{"href":"https:\/\/escritacontabilidade.adv.br\/blog\/wp-json\/wp\/v2\/posts\/1422"}],"collection":[{"href":"https:\/\/escritacontabilidade.adv.br\/blog\/wp-json\/wp\/v2\/posts"}],"about":[{"href":"https:\/\/escritacontabilidade.adv.br\/blog\/wp-json\/wp\/v2\/types\/post"}],"author":[{"embeddable":true,"href":"https:\/\/escritacontabilidade.adv.br\/blog\/wp-json\/wp\/v2\/users\/1"}],"replies":[{"embeddable":true,"href":"https:\/\/escritacontabilidade.adv.br\/blog\/wp-json\/wp\/v2\/comments?post=1422"}],"version-history":[{"count":1,"href":"https:\/\/escritacontabilidade.adv.br\/blog\/wp-json\/wp\/v2\/posts\/1422\/revisions"}],"predecessor-version":[{"id":1423,"href":"https:\/\/escritacontabilidade.adv.br\/blog\/wp-json\/wp\/v2\/posts\/1422\/revisions\/1423"}],"wp:attachment":[{"href":"https:\/\/escritacontabilidade.adv.br\/blog\/wp-json\/wp\/v2\/media?parent=1422"}],"wp:term":[{"taxonomy":"category","embeddable":true,"href":"https:\/\/escritacontabilidade.adv.br\/blog\/wp-json\/wp\/v2\/categories?post=1422"},{"taxonomy":"post_tag","embeddable":true,"href":"https:\/\/escritacontabilidade.adv.br\/blog\/wp-json\/wp\/v2\/tags?post=1422"}],"curies":[{"name":"wp","href":"https:\/\/api.w.org\/{rel}","templated":true}]}}