{"id":1403,"date":"2012-07-05T17:48:20","date_gmt":"2012-07-05T20:48:20","guid":{"rendered":"http:\/\/escritacontabilidade.adv.br\/blog\/?p=1403"},"modified":"2012-07-05T17:48:20","modified_gmt":"2012-07-05T20:48:20","slug":"carga-tributaria-e-a-maior-barreira-para-o-crescimento-das-empresas","status":"publish","type":"post","link":"https:\/\/escritacontabilidade.adv.br\/blog\/2012\/07\/carga-tributaria-e-a-maior-barreira-para-o-crescimento-das-empresas\/","title":{"rendered":"Carga tribut\u00e1ria \u00e9 a maior barreira para o crescimento das empresas"},"content":{"rendered":"<p>A carga tribut\u00e1ria \u00e9 o fator que mais impede o crescimento de uma empresa na opini\u00e3o de 64% dos empres\u00e1rios paulistas. A informa\u00e7\u00e3o faz parte da 78\u00aa edi\u00e7\u00e3o da pesquisa de \u00cdndice LIDE-FGV de Clima Empresarial, divulgada durante evento na FIESP (Federa\u00e7\u00e3o das Ind\u00fastrias do Estado de S\u00e3o Paulo).<br \/>\nEm segundo lugar, o n\u00edvel de procura foi o mais citado, com 21% das indica\u00e7\u00f5es, o cen\u00e1rio pol\u00edtico aparece com 13% e taxa de juros \u00e9 o principal motivo para 2% dos entrevistados.<br \/>\nPrevis\u00e3o de empregos<br \/>\nO levantamento revelou tamb\u00e9m 54% dos empres\u00e1rios pretendem manter o n\u00famero de profissionais na empresa este ano. J\u00e1 22% est\u00e3o com previs\u00e3o de aumentar o quadro de pfuncion\u00e1rios e o restante, 24%, acreditam que ter\u00e3o de demitir. Em rela\u00e7\u00e3o a junho, houve um crescimento de 8 pontos percentuais, j\u00e1 que, na \u00e9poca, o n\u00famero de empres\u00e1rios que pretendiam demitir era de 16%.<br \/>\nPara o cen\u00e1rio de 2013, a pesquisa mostra que 32% dos empres\u00e1rios pretendem contratar, enquanto 54% acreditam que ir\u00e3o manter o quadro de funcio\u00e1rios e 14% preveem demiss\u00f5es.<\/p>\n","protected":false},"excerpt":{"rendered":"<p>A carga tribut\u00e1ria \u00e9 o fator que mais impede o crescimento de uma empresa na opini\u00e3o de 64% dos empres\u00e1rios paulistas. A informa\u00e7\u00e3o faz parte da 78\u00aa edi\u00e7\u00e3o da pesquisa de \u00cdndice LIDE-FGV de Clima Empresarial, divulgada durante evento na FIESP (Federa\u00e7\u00e3o das Ind\u00fastrias do Estado de S\u00e3o Paulo). Em segundo lugar, o n\u00edvel de [&hellip;]<\/p>\n","protected":false},"author":1,"featured_media":0,"comment_status":"open","ping_status":"open","sticky":false,"template":"","format":"standard","meta":{"jetpack_post_was_ever_published":false,"_jetpack_newsletter_access":"","jetpack_publicize_message":"","jetpack_is_tweetstorm":false,"jetpack_publicize_feature_enabled":true,"jetpack_social_post_already_shared":false,"jetpack_social_options":{"image_generator_settings":{"template":"highway","enabled":false}}},"categories":[],"tags":[],"jetpack_publicize_connections":[],"jetpack_featured_media_url":"","jetpack_sharing_enabled":true,"jetpack_shortlink":"https:\/\/wp.me\/p28224-mD","jetpack_likes_enabled":true,"jetpack-related-posts":[{"id":2104,"url":"https:\/\/escritacontabilidade.adv.br\/blog\/2012\/10\/ausencia-de-gestao-contabil-impede-crescimento-das-empresas\/","url_meta":{"origin":1403,"position":0},"title":"Aus\u00eancia de gest\u00e3o cont\u00e1bil impede crescimento das empresas","author":"Clayton Teles das Merces","date":"11 outubro 2012","format":false,"excerpt":"De acordo com a Fenacon 70% das micro e pequenas empresas n\u00e3o fazem a contabilidade adequadamente. Conhecer a fundo a situa\u00e7\u00e3o econ\u00f4mico-financeira da empresa \u00e9 condi\u00e7\u00e3o fundamental para o empres\u00e1rio que quer ver seus neg\u00f3cios crescerem, j\u00e1 que as informa\u00e7\u00f5es cont\u00e1beis s\u00e3o pr\u00e9-requisitos estrat\u00e9gicos para a tomada de decis\u00f5es gerenciais.\u2026","rel":"","context":"Post similar","block_context":{"text":"Post similar","link":""},"img":{"alt_text":"","src":"","width":0,"height":0},"classes":[]},{"id":5483,"url":"https:\/\/escritacontabilidade.adv.br\/blog\/2015\/02\/o-papel-do-contador-nas-mpe\/","url_meta":{"origin":1403,"position":1},"title":"O papel do contador nas MPE","author":"Clayton Teles das Merces","date":"18 fevereiro 2015","format":false,"excerpt":"O assunto, j\u00e1 h\u00e1 algum tempo, \u00e9 realidade nacional. A contribui\u00e7\u00e3o que as micro e pequenas empresas (MPE) agregam aos n\u00fameros oficiais de crescimento do pa\u00eds n\u00e3o podem ser pormenorizados. Segundo levantamento realizado pela Funda\u00e7\u00e3o Dom Cabral e pelo Servi\u00e7o Brasileiro de Apoio \u00e0s Micro e Pequenas Empresas (Sebrae) no\u2026","rel":"","context":"Em &quot;Geral&quot;","block_context":{"text":"Geral","link":"https:\/\/escritacontabilidade.adv.br\/blog\/Geral\/geral\/"},"img":{"alt_text":"","src":"","width":0,"height":0},"classes":[]},{"id":4875,"url":"https:\/\/escritacontabilidade.adv.br\/blog\/2014\/07\/simples-nacional-com-muito-orgulho\/","url_meta":{"origin":1403,"position":2},"title":"Simples Nacional: Com muito orgulho","author":"Clayton Teles das Merces","date":"30 julho 2014","format":false,"excerpt":"Com o crescimento do mercado consumidor, principalmente a classe C, o aumento da escolaridade da popula\u00e7\u00e3o e a cria\u00e7\u00e3o do Super Simples s\u00e3o respons\u00e1veis pelo avan\u00e7o das micro e pequenas empresas no Produto Interno Bruto (PIB). De acordo com estudo do Sebrae, este porcentual atingiu 27% em 2011, ante uma\u2026","rel":"","context":"Post similar","block_context":{"text":"Post similar","link":""},"img":{"alt_text":"","src":"","width":0,"height":0},"classes":[]},{"id":4774,"url":"https:\/\/escritacontabilidade.adv.br\/blog\/2014\/06\/a-favor-do-crescimento\/","url_meta":{"origin":1403,"position":3},"title":"A favor do crescimento","author":"Clayton Teles das Merces","date":"30 junho 2014","format":false,"excerpt":"Desde 1991, a Federa\u00e7\u00e3o Nacional das Empresas de Servi\u00e7os Cont\u00e1beis e das Empresas de Assessoramento, Per\u00edcias, Informa\u00e7\u00f5es e Pesquisas (Fenacon) representa nacionalmente os empres\u00e1rios com 37 sindicatos distribu\u00eddos em 26 Estados e no Distrito Federal. S\u00e3o mais de 400 mil empresas que atualmente contam com a luta contra a alta\u2026","rel":"","context":"Post similar","block_context":{"text":"Post similar","link":""},"img":{"alt_text":"","src":"","width":0,"height":0},"classes":[]},{"id":3664,"url":"https:\/\/escritacontabilidade.adv.br\/blog\/2013\/10\/expansao-da-empresa-ainda-e-pouco-realizada-no-pais-apontam-especialistas\/","url_meta":{"origin":1403,"position":4},"title":"Expans\u00e3o da empresa ainda \u00e9 pouco realizada no pa\u00eds, apontam especialistas","author":"Clayton Teles das Merces","date":"28 outubro 2013","format":false,"excerpt":"Apesar de todo empreendedor querer que a empresa cres\u00e7a, \u00e9 comum o neg\u00f3cio permanecer na mesma categoria. Algumas quest\u00f5es que influenciam o porte das empresas depende menos da atitude dos seus gestores \u2014 a exemplo do segmento em que a empresa atua, que nem sempre favorece neg\u00f3cios maiores. Ainda assim,\u2026","rel":"","context":"Post similar","block_context":{"text":"Post similar","link":""},"img":{"alt_text":"","src":"","width":0,"height":0},"classes":[]},{"id":4126,"url":"https:\/\/escritacontabilidade.adv.br\/blog\/2014\/01\/em-2014-formalizacao-do-microempreededorismo-deve-aumentar-ate-30\/","url_meta":{"origin":1403,"position":5},"title":"Em 2014, formaliza\u00e7\u00e3o do microempreededorismo deve aumentar at\u00e9 30%","author":"Clayton Teles das Merces","date":"17 janeiro 2014","format":false,"excerpt":"O microempreendedorismo cresceu na Baixada Santista em 2013 e deve crescer ainda mais este ano. A previs\u00e3o \u00e9 do gerente regional do Servi\u00e7o Brasileiro de Apoio \u00e0s Micro e Pequenas Empresas (Sebrae), Paulo S\u00e9rgio Franzosi. De acordo com ele, existem hoje 38 mil microempreendedores individuais na regi\u00e3o e esse n\u00famero\u2026","rel":"","context":"Post similar","block_context":{"text":"Post similar","link":""},"img":{"alt_text":"","src":"","width":0,"height":0},"classes":[]}],"amp_enabled":true,"_links":{"self":[{"href":"https:\/\/escritacontabilidade.adv.br\/blog\/wp-json\/wp\/v2\/posts\/1403"}],"collection":[{"href":"https:\/\/escritacontabilidade.adv.br\/blog\/wp-json\/wp\/v2\/posts"}],"about":[{"href":"https:\/\/escritacontabilidade.adv.br\/blog\/wp-json\/wp\/v2\/types\/post"}],"author":[{"embeddable":true,"href":"https:\/\/escritacontabilidade.adv.br\/blog\/wp-json\/wp\/v2\/users\/1"}],"replies":[{"embeddable":true,"href":"https:\/\/escritacontabilidade.adv.br\/blog\/wp-json\/wp\/v2\/comments?post=1403"}],"version-history":[{"count":1,"href":"https:\/\/escritacontabilidade.adv.br\/blog\/wp-json\/wp\/v2\/posts\/1403\/revisions"}],"predecessor-version":[{"id":1404,"href":"https:\/\/escritacontabilidade.adv.br\/blog\/wp-json\/wp\/v2\/posts\/1403\/revisions\/1404"}],"wp:attachment":[{"href":"https:\/\/escritacontabilidade.adv.br\/blog\/wp-json\/wp\/v2\/media?parent=1403"}],"wp:term":[{"taxonomy":"category","embeddable":true,"href":"https:\/\/escritacontabilidade.adv.br\/blog\/wp-json\/wp\/v2\/categories?post=1403"},{"taxonomy":"post_tag","embeddable":true,"href":"https:\/\/escritacontabilidade.adv.br\/blog\/wp-json\/wp\/v2\/tags?post=1403"}],"curies":[{"name":"wp","href":"https:\/\/api.w.org\/{rel}","templated":true}]}}