{"id":1385,"date":"2012-07-03T16:39:38","date_gmt":"2012-07-03T19:39:38","guid":{"rendered":"http:\/\/escritacontabilidade.adv.br\/blog\/?p=1385"},"modified":"2012-07-03T16:39:38","modified_gmt":"2012-07-03T19:39:38","slug":"nove-juntas-comerciais-iniciam-integracao-de-dados","status":"publish","type":"post","link":"https:\/\/escritacontabilidade.adv.br\/blog\/2012\/07\/nove-juntas-comerciais-iniciam-integracao-de-dados\/","title":{"rendered":"Nove Juntas Comerciais iniciam integra\u00e7\u00e3o de dados"},"content":{"rendered":"<p>Presidentes e representantes das 27 Juntas Comerciais dos Estados brasileiros e do Distrito Federal est\u00e3o reunidos em Curitiba, at\u00e9 esta ter\u00e7a-feira (3), para mais um Encontro Nacional das Juntas Comerciais (ENAJ).  O evento marca o in\u00edcio da forma\u00e7\u00e3o da REDESIM (Rede Nacional para a Simplifica\u00e7\u00e3o do Registro e da Legaliza\u00e7\u00e3o de Empresas e Neg\u00f3cios), que numa primeira etapa vai integrar os bancos de dados de nove Juntas Comerciais: Distrito Federal, Sergipe, Paran\u00e1, Rond\u00f4nia, Roraima, Tocantins, Cear\u00e1, Par\u00e1 e Para\u00edba.<\/p>\n<p>O Paran\u00e1 \u00e9 o primeiro Estado do Sul a aderir ao programa, que ser\u00e1 oficializado no pr\u00f3ximo dia 18 de julho, em Bras\u00edlia, durante solenidade de assinatura de conv\u00eanios das Juntas com o Sebrae nacional e os Sebraes estaduais. O programa Integrar est\u00e1 estruturado a partir do Integrador Estadual desenvolvido pela Junta Comercial de Minas Gerais (Jucemg) e que ser\u00e1 disponibilizado \u00e0s nove Juntas que assinar\u00e3o o conv\u00eanio. Implementado h\u00e1 quatro anos em Minas, o novo sistema reduziu de 40 para 8 dias o prazo m\u00e9dio de para a abertura de uma empresa naquele Estado. Estudos do Banco Mundial revelam que no Brasil o prazo para abertura de empresa pode levar at\u00e9 129 dias.<\/p>\n<p>&#8220;Hoje, existem v\u00e1rias iniciativas de integra\u00e7\u00e3o de dados, mas precisamos caminhar para um \u00fanico sistema nacional, compat\u00edvel com todos os \u00f3rg\u00e3os de registro e licenciamento. O programa Integrar ser\u00e1 um grande avan\u00e7o para o empreendedorismo em nosso pa\u00eds e tamb\u00e9m mais seguro para o Estado, que contar\u00e1 com dados precisos para realizar seus planejamentos de desenvolvimento econ\u00f4mico&#8221;, destacou o presidente da Junta Comercial do Paran\u00e1, Ardisson Akel, que preside o ENAJ.<\/p>\n<p>A partir da oficializa\u00e7\u00e3o do conv\u00eanio entre as Juntas Comerciais e o Sebrae, a Junta Comercial de Minas Gerais  vai transferir a tecnologia do Integrador Estadual para as demais Juntas e repassar todo o know how do sistema. Com isso, o Paran\u00e1 vai poder integrar as bases de dados de pessoas jur\u00eddicas de v\u00e1rios \u00f3rg\u00e3os, como Junta Comercial, Receita Estadual, Receita Federal, Prefeituras Municipais e \u00f3rg\u00e3os de licenciamento, como Corpo de Bombeiros, Meio Ambiente e Vigil\u00e2ncia Sanit\u00e1ria, entre outros.<\/p>\n<p>A ades\u00e3o do Paran\u00e1 ao programa Integrar marca os 120 anos da Junta Comercial do Paran\u00e1, comemorados nesta segunda-feira (2) em solenidade no Teatro Gua\u00edra.<\/p>\n<p>O ENAJ est\u00e1 sendo realizado na sede da Associa\u00e7\u00e3o Comercial do Paran\u00e1 e termina nesta ter\u00e7a-feira. Durante o evento, o presidente da Junta Comercial do Sergipe, Vinicius Baudouin Mazza, foi eleito novo presidente da Associa\u00e7\u00e3o Nacional de Presidentes de Juntas Comerciais (Anprej).<\/p>\n","protected":false},"excerpt":{"rendered":"<p>Presidentes e representantes das 27 Juntas Comerciais dos Estados brasileiros e do Distrito Federal est\u00e3o reunidos em Curitiba, at\u00e9 esta ter\u00e7a-feira (3), para mais um Encontro Nacional das Juntas Comerciais (ENAJ). O evento marca o in\u00edcio da forma\u00e7\u00e3o da REDESIM (Rede Nacional para a Simplifica\u00e7\u00e3o do Registro e da Legaliza\u00e7\u00e3o de Empresas e Neg\u00f3cios), que [&hellip;]<\/p>\n","protected":false},"author":1,"featured_media":0,"comment_status":"open","ping_status":"open","sticky":false,"template":"","format":"standard","meta":{"jetpack_post_was_ever_published":false,"_jetpack_newsletter_access":"","jetpack_publicize_message":"","jetpack_is_tweetstorm":false,"jetpack_publicize_feature_enabled":true,"jetpack_social_post_already_shared":false,"jetpack_social_options":{"image_generator_settings":{"template":"highway","enabled":false}}},"categories":[],"tags":[],"jetpack_publicize_connections":[],"jetpack_featured_media_url":"","jetpack_sharing_enabled":true,"jetpack_shortlink":"https:\/\/wp.me\/p28224-ml","jetpack_likes_enabled":true,"jetpack-related-posts":[{"id":1075,"url":"https:\/\/escritacontabilidade.adv.br\/blog\/2012\/05\/projeto-permite-abrir-empresa-pela-internet\/","url_meta":{"origin":1385,"position":0},"title":"Projeto permite abrir empresa pela internet","author":"Clayton Teles das Merces","date":"17 maio 2012","format":false,"excerpt":"A partir de junho, ser\u00e1 poss\u00edvel abrir uma empresa pela internet. Um piloto do projeto Integrar ser\u00e1 implantado no Distrito Federal e em oito estados: Sergipe, Paran\u00e1, Rond\u00f4nia, Roraima, Tocantins, Cear\u00e1, Par\u00e1 e Para\u00edba. A iniciativa abre caminho para a implanta\u00e7\u00e3o da Rede Nacional para a Simplifica\u00e7\u00e3o do Registro e\u2026","rel":"","context":"Post similar","block_context":{"text":"Post similar","link":""},"img":{"alt_text":"","src":"","width":0,"height":0},"classes":[]},{"id":2015,"url":"https:\/\/escritacontabilidade.adv.br\/blog\/2012\/09\/programa-do-governo-vai-desburocratizar-registro-de-empresas\/","url_meta":{"origin":1385,"position":1},"title":"Programa do governo vai desburocratizar registro de empresas","author":"Clayton Teles das Merces","date":"18 setembro 2012","format":false,"excerpt":"(Not\u00edcias Ag\u00eancia Brasil - ABr) Data: 18\/09\/2012 O Minist\u00e9rio do Desenvolvimento, Ind\u00fastria e Com\u00e9rcio Exterior (MDIC), em parceria com o Servi\u00e7o Brasileiro de Apoio \u00e0s Micro e Pequenas Empresas (Sebrae) e com a Junta Comercial do Distrito Federal (DF) lan\u00e7am o Projeto Integrar. O objetivo \u00e9 reunir os \u00f3rg\u00e3os envolvidos\u2026","rel":"","context":"Post similar","block_context":{"text":"Post similar","link":""},"img":{"alt_text":"","src":"","width":0,"height":0},"classes":[]},{"id":5104,"url":"https:\/\/escritacontabilidade.adv.br\/blog\/2014\/10\/novo-portal-vai-permitir-aos-empresarios-a-baixa-automatica-do-cnpj\/","url_meta":{"origin":1385,"position":2},"title":"Novo portal vai permitir aos empres\u00e1rios a baixa autom\u00e1tica do CNPJ","author":"Clayton Teles das Merces","date":"9 outubro 2014","format":false,"excerpt":"Bras\u00edlia - A Secretaria da Micro e Pequena Empresa lan\u00e7a nesta quarta-feira (8), \u00e0s 11 horas, o Portal Empresa Simples, site que vai unificar os dados das Juntas Comerciais de todo o Brasil para facilitar o processo de abertura e fechamento das empresas. No Distrito Federal, a baixa autom\u00e1tica j\u00e1\u2026","rel":"","context":"Post similar","block_context":{"text":"Post similar","link":""},"img":{"alt_text":"","src":"","width":0,"height":0},"classes":[]},{"id":5178,"url":"https:\/\/escritacontabilidade.adv.br\/blog\/2014\/10\/estados-com-mais-empresas-de-servicos-sao-os-mais-industrializados\/","url_meta":{"origin":1385,"position":3},"title":"Estados com mais empresas de servi\u00e7os s\u00e3o os mais industrializados","author":"Clayton Teles das Merces","date":"23 outubro 2014","format":false,"excerpt":"Entre os 26 estados e Distrito Federal, nove unidades da Federa\u00e7\u00e3o t\u00eam maior n\u00famero de empresas no setor de servi\u00e7os, totalizando 5,8 milh\u00f5es de empreendimentos. A maioria delas se localiza nos estados do Sul e Sudeste, onde h\u00e1 maior n\u00edvel de industrializa\u00e7\u00e3o. S\u00f3 dois estados desse grupo, Minas Gerais e\u2026","rel":"","context":"Post similar","block_context":{"text":"Post similar","link":""},"img":{"alt_text":"","src":"","width":0,"height":0},"classes":[]},{"id":4674,"url":"https:\/\/escritacontabilidade.adv.br\/blog\/2014\/06\/abrir-empresa-vai-ficar-mais-facil\/","url_meta":{"origin":1385,"position":4},"title":"Abrir empresa vai ficar mais f\u00e1cil","author":"Clayton Teles das Merces","date":"10 junho 2014","format":false,"excerpt":"A via sacra dos empres\u00e1rios paulistas para abrir ou fechar uma empresa est\u00e1 com os dias contados. A Uni\u00e3o, por meio da Secretaria da Micro e Pequena Empresa (SMPE), o governo estadual e a prefeitura de S\u00e3o Paulo se aliaram para integrar seus cadastros e colocar a capital paulista na\u2026","rel":"","context":"Post similar","block_context":{"text":"Post similar","link":""},"img":{"alt_text":"","src":"","width":0,"height":0},"classes":[]},{"id":4518,"url":"https:\/\/escritacontabilidade.adv.br\/blog\/2014\/04\/brasil-deve-sair-da-idade-media-em-2014\/","url_meta":{"origin":1385,"position":5},"title":"Brasil deve sair da Idade M\u00e9dia em 2014","author":"Clayton Teles das Merces","date":"30 abril 2014","format":false,"excerpt":"\"Precisamos migrar definitivamente do medieval para o digital!\" \u00c9 assim a estrat\u00e9gia tra\u00e7ada pela Secretaria da Micro e Pequena Empresa (SMPE) para cumprir at\u00e9 o final de 2014 um desafio lan\u00e7ado pela pr\u00f3pria presidente Dilma Rousseff: reduzir, de 150 para cinco dias, o processo classificado como \"medieval\" de abertura de\u2026","rel":"","context":"Post similar","block_context":{"text":"Post similar","link":""},"img":{"alt_text":"","src":"","width":0,"height":0},"classes":[]}],"amp_enabled":true,"_links":{"self":[{"href":"https:\/\/escritacontabilidade.adv.br\/blog\/wp-json\/wp\/v2\/posts\/1385"}],"collection":[{"href":"https:\/\/escritacontabilidade.adv.br\/blog\/wp-json\/wp\/v2\/posts"}],"about":[{"href":"https:\/\/escritacontabilidade.adv.br\/blog\/wp-json\/wp\/v2\/types\/post"}],"author":[{"embeddable":true,"href":"https:\/\/escritacontabilidade.adv.br\/blog\/wp-json\/wp\/v2\/users\/1"}],"replies":[{"embeddable":true,"href":"https:\/\/escritacontabilidade.adv.br\/blog\/wp-json\/wp\/v2\/comments?post=1385"}],"version-history":[{"count":1,"href":"https:\/\/escritacontabilidade.adv.br\/blog\/wp-json\/wp\/v2\/posts\/1385\/revisions"}],"predecessor-version":[{"id":1386,"href":"https:\/\/escritacontabilidade.adv.br\/blog\/wp-json\/wp\/v2\/posts\/1385\/revisions\/1386"}],"wp:attachment":[{"href":"https:\/\/escritacontabilidade.adv.br\/blog\/wp-json\/wp\/v2\/media?parent=1385"}],"wp:term":[{"taxonomy":"category","embeddable":true,"href":"https:\/\/escritacontabilidade.adv.br\/blog\/wp-json\/wp\/v2\/categories?post=1385"},{"taxonomy":"post_tag","embeddable":true,"href":"https:\/\/escritacontabilidade.adv.br\/blog\/wp-json\/wp\/v2\/tags?post=1385"}],"curies":[{"name":"wp","href":"https:\/\/api.w.org\/{rel}","templated":true}]}}