{"id":1356,"date":"2012-06-14T14:50:49","date_gmt":"2012-06-14T17:50:49","guid":{"rendered":"http:\/\/escritacontabilidade.adv.br\/blog\/?p=1356"},"modified":"2012-06-14T14:50:49","modified_gmt":"2012-06-14T17:50:49","slug":"sustentabilidade-x-contabilidade","status":"publish","type":"post","link":"https:\/\/escritacontabilidade.adv.br\/blog\/2012\/06\/sustentabilidade-x-contabilidade\/","title":{"rendered":"Sustentabilidade X Contabilidade"},"content":{"rendered":"<p>Nesta quinta-feira (14\/06), a presidente do Sindicato das Empresas de Servi\u00e7os Cont\u00e1beis (SESCON-RJ), M\u00e1rcia Tavares, estar\u00e1 com a responsabilidade de participar do painel: O Papel do Legislativo Fluminense na Sustentabilidade, na abertura do evento Rio + 20, realizado na Barra da Tijuca, no Rio de Janeiro.<\/p>\n<p>Na ocasi\u00e3o, a presidente, juntamente com outras entidades e reitores das universidades que comp\u00f5em o F\u00f3rum de Desenvolvimento Estrat\u00e9gico do Estado do Rio de Janeiro, far\u00e3o uma reflex\u00e3o sobre o tema, al\u00e9m de explanar sobre o trabalho desenvolvido pelo sindicato na dire\u00e7\u00e3o da sustentabilidade e o papel do Legislativo neste contexto.<\/p>\n","protected":false},"excerpt":{"rendered":"<p>Nesta quinta-feira (14\/06), a presidente do Sindicato das Empresas de Servi\u00e7os Cont\u00e1beis (SESCON-RJ), M\u00e1rcia Tavares, estar\u00e1 com a responsabilidade de participar do painel: O Papel do Legislativo Fluminense na Sustentabilidade, na abertura do evento Rio + 20, realizado na Barra da Tijuca, no Rio de Janeiro. Na ocasi\u00e3o, a presidente, juntamente com outras entidades e [&hellip;]<\/p>\n","protected":false},"author":1,"featured_media":0,"comment_status":"open","ping_status":"open","sticky":false,"template":"","format":"standard","meta":{"jetpack_post_was_ever_published":false,"_jetpack_newsletter_access":"","jetpack_publicize_message":"","jetpack_is_tweetstorm":false,"jetpack_publicize_feature_enabled":true,"jetpack_social_post_already_shared":false,"jetpack_social_options":{"image_generator_settings":{"template":"highway","enabled":false}}},"categories":[],"tags":[],"jetpack_publicize_connections":[],"jetpack_featured_media_url":"","jetpack_sharing_enabled":true,"jetpack_shortlink":"https:\/\/wp.me\/p28224-lS","jetpack_likes_enabled":true,"jetpack-related-posts":[{"id":1468,"url":"https:\/\/escritacontabilidade.adv.br\/blog\/2012\/07\/empresas-comecam-a-trilhar-o-caminho-da-contabilidade-ambiental\/","url_meta":{"origin":1356,"position":0},"title":"Empresas come\u00e7am a trilhar o caminho da contabilidade ambiental","author":"Clayton Teles das Merces","date":"11 julho 2012","format":false,"excerpt":"Al\u00e9m de desenvolver a\u00e7\u00f5es ambientais, as empresas precisam demonstr\u00e1-las em seus balan\u00e7os. A palavra sustentabilidade virou mania no Brasil, uma moda ecologicamente bem aceita n\u00e3o s\u00f3 no mundo corporativo, mas tamb\u00e9m pela sociedade. Associar o neg\u00f3cio a uma imagem sustent\u00e1vel \u00e9 um meio considerado eficaz para ganhar competitividade e conquistar\u2026","rel":"","context":"Post similar","block_context":{"text":"Post similar","link":""},"img":{"alt_text":"","src":"","width":0,"height":0},"classes":[]},{"id":3683,"url":"https:\/\/escritacontabilidade.adv.br\/blog\/2013\/10\/rj-micro-e-pequenas-empresas-optantes-do-simples-nacional-poderao-sair-do-vermelho\/","url_meta":{"origin":1356,"position":1},"title":"RJ: Micro e pequenas empresas optantes do Simples Nacional poder\u00e3o sair do vermelho","author":"Clayton Teles das Merces","date":"29 outubro 2013","format":false,"excerpt":"As micros e pequenas empresas do Estado do Rio de Janeiro optantes pelo Simples Nacional e que tiverem pendencias em rela\u00e7\u00e3o ao ICMS poder\u00e3o ter sua regulariza\u00e7\u00e3o facilitada. O projeto de lei 2.463\/13 foi aprovado pela Assembleia Legislativa do Rio (ALERJ) e permite que o micro e pequeno empres\u00e1rio se\u2026","rel":"","context":"Post similar","block_context":{"text":"Post similar","link":""},"img":{"alt_text":"","src":"","width":0,"height":0},"classes":[]},{"id":4500,"url":"https:\/\/escritacontabilidade.adv.br\/blog\/2014\/04\/sefaz-prepara-pacote-que-reduz-icms-em-40\/","url_meta":{"origin":1356,"position":2},"title":"Sefaz prepara pacote que reduz ICMS em 40%","author":"Clayton Teles das Merces","date":"25 abril 2014","format":false,"excerpt":"A Secretaria da Fazenda do Cear\u00e1 (Sefaz) est\u00e1 preparando um pacote de incentivos fiscais para o setor de confec\u00e7\u00f5es que atinge toda a cadeia produtiva. Para tornar o segmento mais competitivo est\u00e1 em fase de estudo e di\u00e1logo a aplica\u00e7\u00e3o do regime de substitui\u00e7\u00e3o tribut\u00e1ria e de uma al\u00edquota menor\u2026","rel":"","context":"Post similar","block_context":{"text":"Post similar","link":""},"img":{"alt_text":"","src":"","width":0,"height":0},"classes":[]},{"id":5445,"url":"https:\/\/escritacontabilidade.adv.br\/blog\/2015\/01\/empresarios-e-ate-ministro-rejeitam-tributo-para-saude\/","url_meta":{"origin":1356,"position":3},"title":"Empres\u00e1rios e at\u00e9 ministro rejeitam tributo para sa\u00fade","author":"Clayton Teles das Merces","date":"8 janeiro 2015","format":false,"excerpt":"A perspectiva de cria\u00e7\u00e3o de um tributo para financiar a sa\u00fade nos moldes da antiga Contribui\u00e7\u00e3o Provis\u00f3ria sobre Movimenta\u00e7\u00e3o Financeira (CPMF) foi criticada por empres\u00e1rios e vista com ressalvas por especialistas do setor. Em entrevista publicada nesta quarta-feira pelo Estado, o ministro Arthur Chioro defendeu a retomada do debate em\u2026","rel":"","context":"Post similar","block_context":{"text":"Post similar","link":""},"img":{"alt_text":"","src":"","width":0,"height":0},"classes":[]},{"id":510,"url":"https:\/\/escritacontabilidade.adv.br\/blog\/2012\/01\/entrada-no-supersimples-comeca-neste-mes\/","url_meta":{"origin":1356,"position":4},"title":"Entrada no Supersimples come\u00e7a neste m\u00eas","author":"Clayton Teles das Merces","date":"4 janeiro 2012","format":false,"excerpt":"Come\u00e7ou no dia 1\u00ba, e vai at\u00e9 31 de janeiro, o prazo para a entrada de micro e pequenas empresas no Simples Nacional. Tamb\u00e9m a partir deste m\u00eas passa a valer o ajuste das faixas de enquadramento das empresas no sistema, institu\u00eddo pela Lei Complementar 139\/11. O limite para a\u2026","rel":"","context":"Post similar","block_context":{"text":"Post similar","link":""},"img":{"alt_text":"","src":"","width":0,"height":0},"classes":[]},{"id":3164,"url":"https:\/\/escritacontabilidade.adv.br\/blog\/2013\/07\/deputados-aprovam-fim-da-bitributacao-do-icms\/","url_meta":{"origin":1356,"position":5},"title":"Deputados aprovam fim da bitributa\u00e7\u00e3o do ICMS","author":"Clayton Teles das Merces","date":"17 julho 2013","format":false,"excerpt":"A Comiss\u00e3o de Constitui\u00e7\u00e3o e Justi\u00e7a (CCJ) da Assembleia Legislativa garantiu que o Dia Nacional do Com\u00e9rcio tivesse um forte motivo para comemora\u00e7\u00e3o. Em um plen\u00e1rio tomado por membros de entidades representativas de classe, a CCJ aprovou, na manh\u00e3 de ontem, a susta\u00e7\u00e3o do Decreto-Lei n\u00ba 46.485 de 2009, que\u2026","rel":"","context":"Post similar","block_context":{"text":"Post similar","link":""},"img":{"alt_text":"","src":"","width":0,"height":0},"classes":[]}],"amp_enabled":true,"_links":{"self":[{"href":"https:\/\/escritacontabilidade.adv.br\/blog\/wp-json\/wp\/v2\/posts\/1356"}],"collection":[{"href":"https:\/\/escritacontabilidade.adv.br\/blog\/wp-json\/wp\/v2\/posts"}],"about":[{"href":"https:\/\/escritacontabilidade.adv.br\/blog\/wp-json\/wp\/v2\/types\/post"}],"author":[{"embeddable":true,"href":"https:\/\/escritacontabilidade.adv.br\/blog\/wp-json\/wp\/v2\/users\/1"}],"replies":[{"embeddable":true,"href":"https:\/\/escritacontabilidade.adv.br\/blog\/wp-json\/wp\/v2\/comments?post=1356"}],"version-history":[{"count":1,"href":"https:\/\/escritacontabilidade.adv.br\/blog\/wp-json\/wp\/v2\/posts\/1356\/revisions"}],"predecessor-version":[{"id":1357,"href":"https:\/\/escritacontabilidade.adv.br\/blog\/wp-json\/wp\/v2\/posts\/1356\/revisions\/1357"}],"wp:attachment":[{"href":"https:\/\/escritacontabilidade.adv.br\/blog\/wp-json\/wp\/v2\/media?parent=1356"}],"wp:term":[{"taxonomy":"category","embeddable":true,"href":"https:\/\/escritacontabilidade.adv.br\/blog\/wp-json\/wp\/v2\/categories?post=1356"},{"taxonomy":"post_tag","embeddable":true,"href":"https:\/\/escritacontabilidade.adv.br\/blog\/wp-json\/wp\/v2\/tags?post=1356"}],"curies":[{"name":"wp","href":"https:\/\/api.w.org\/{rel}","templated":true}]}}