{"id":1322,"date":"2012-06-11T16:13:31","date_gmt":"2012-06-11T19:13:31","guid":{"rendered":"http:\/\/escritacontabilidade.adv.br\/blog\/?p=1322"},"modified":"2012-06-11T16:13:31","modified_gmt":"2012-06-11T19:13:31","slug":"prazo-de-entrega-da-dipj-2012-encerra-em-29-de-junho","status":"publish","type":"post","link":"https:\/\/escritacontabilidade.adv.br\/blog\/2012\/06\/prazo-de-entrega-da-dipj-2012-encerra-em-29-de-junho\/","title":{"rendered":"Prazo de entrega da DIPJ 2012 encerra em 29 de junho"},"content":{"rendered":"<p>Devem apresentar a DIPJ \u2013 Declara\u00e7\u00e3o de Informa\u00e7\u00f5es Econ\u00f4mico-Fiscais da Pessoa Jur\u00eddica, do exerc\u00edcio 2012, ano-calend\u00e1rio 2011, todas as pessoas jur\u00eddicas, inclusive equiparadas, com exce\u00e7\u00e3o das ME e EPP optantes pelo Simples Nacional, das pessoas jur\u00eddicas inativas, dos \u00f3rg\u00e3os p\u00fablicos, das autarquias e das funda\u00e7\u00f5es p\u00fablicas.<br \/>\nA DIPJ deve ser transmitida pela internet, por meio do programa Receitanet, at\u00e9 as 23h59min59s, hor\u00e1rio de Bras\u00edlia, do dia 29 de junho de 2012, inclusive pelas pessoas jur\u00eddicas imunes ou isentas.<br \/>\nA entrega da DIPJ fora do prazo sujeita a declarante \u00e0 multa de 2% ao m\u00eas-calend\u00e1rio ou fra\u00e7\u00e3o, incidente sobre o montante do Imposto de Renda informado na declara\u00e7\u00e3o, ainda que integralmente pago, limitada a 20% desse imposto. O valor m\u00ednimo da multa \u00e9 de R$ 500,00.<\/p>\n<p>Disponibilizamos na Se\u00e7\u00e3o Especial, de forma organizada e pr\u00e1tica, orienta\u00e7\u00f5es gerais sobre a DIPJ\/2012  com exemplos pr\u00e1ticos de preenchimento de diversas fichas. Na Se\u00e7\u00e3o Especial voc\u00ea tamb\u00e9m encontra links para download do programa gerador da DIPJ\/2012 e do Receitanet, programa destinado \u00e0 transmiss\u00e3o da declara\u00e7\u00e3o.<\/p>\n","protected":false},"excerpt":{"rendered":"<p>Devem apresentar a DIPJ \u2013 Declara\u00e7\u00e3o de Informa\u00e7\u00f5es Econ\u00f4mico-Fiscais da Pessoa Jur\u00eddica, do exerc\u00edcio 2012, ano-calend\u00e1rio 2011, todas as pessoas jur\u00eddicas, inclusive equiparadas, com exce\u00e7\u00e3o das ME e EPP optantes pelo Simples Nacional, das pessoas jur\u00eddicas inativas, dos \u00f3rg\u00e3os p\u00fablicos, das autarquias e das funda\u00e7\u00f5es p\u00fablicas. A DIPJ deve ser transmitida pela internet, por meio [&hellip;]<\/p>\n","protected":false},"author":1,"featured_media":0,"comment_status":"open","ping_status":"open","sticky":false,"template":"","format":"standard","meta":{"jetpack_post_was_ever_published":false,"_jetpack_newsletter_access":"","jetpack_publicize_message":"","jetpack_is_tweetstorm":false,"jetpack_publicize_feature_enabled":true,"jetpack_social_post_already_shared":false,"jetpack_social_options":{"image_generator_settings":{"template":"highway","enabled":false}}},"categories":[],"tags":[],"jetpack_publicize_connections":[],"jetpack_featured_media_url":"","jetpack_sharing_enabled":true,"jetpack_shortlink":"https:\/\/wp.me\/p28224-lk","jetpack_likes_enabled":true,"jetpack-related-posts":[],"amp_enabled":true,"_links":{"self":[{"href":"https:\/\/escritacontabilidade.adv.br\/blog\/wp-json\/wp\/v2\/posts\/1322"}],"collection":[{"href":"https:\/\/escritacontabilidade.adv.br\/blog\/wp-json\/wp\/v2\/posts"}],"about":[{"href":"https:\/\/escritacontabilidade.adv.br\/blog\/wp-json\/wp\/v2\/types\/post"}],"author":[{"embeddable":true,"href":"https:\/\/escritacontabilidade.adv.br\/blog\/wp-json\/wp\/v2\/users\/1"}],"replies":[{"embeddable":true,"href":"https:\/\/escritacontabilidade.adv.br\/blog\/wp-json\/wp\/v2\/comments?post=1322"}],"version-history":[{"count":1,"href":"https:\/\/escritacontabilidade.adv.br\/blog\/wp-json\/wp\/v2\/posts\/1322\/revisions"}],"predecessor-version":[{"id":1323,"href":"https:\/\/escritacontabilidade.adv.br\/blog\/wp-json\/wp\/v2\/posts\/1322\/revisions\/1323"}],"wp:attachment":[{"href":"https:\/\/escritacontabilidade.adv.br\/blog\/wp-json\/wp\/v2\/media?parent=1322"}],"wp:term":[{"taxonomy":"category","embeddable":true,"href":"https:\/\/escritacontabilidade.adv.br\/blog\/wp-json\/wp\/v2\/categories?post=1322"},{"taxonomy":"post_tag","embeddable":true,"href":"https:\/\/escritacontabilidade.adv.br\/blog\/wp-json\/wp\/v2\/tags?post=1322"}],"curies":[{"name":"wp","href":"https:\/\/api.w.org\/{rel}","templated":true}]}}