{"id":1302,"date":"2012-06-06T13:44:45","date_gmt":"2012-06-06T16:44:45","guid":{"rendered":"http:\/\/escritacontabilidade.adv.br\/blog\/?p=1302"},"modified":"2012-06-06T13:44:45","modified_gmt":"2012-06-06T16:44:45","slug":"dia-a-dia-tributario-rio-regulamenta-isencao-do-iss-para-a-copa","status":"publish","type":"post","link":"https:\/\/escritacontabilidade.adv.br\/blog\/2012\/06\/dia-a-dia-tributario-rio-regulamenta-isencao-do-iss-para-a-copa\/","title":{"rendered":"Dia a Dia Tribut\u00e1rio: Rio regulamenta isen\u00e7\u00e3o do ISS para a Copa"},"content":{"rendered":"<p>As empresas credenciadas pela Fifa para organizar e realizar a Copa das Confedera\u00e7\u00f5es e do Mundo na cidade do Rio de Janeiro j\u00e1 podem aproveitar a isen\u00e7\u00e3o do Imposto sobre Servi\u00e7os (ISS). A Secretaria Municipal de Finan\u00e7as divulgou nesta ter\u00e7a-feira as regras para os contribuintes usufru\u00edrem do benef\u00edcio.<\/p>\n<p>De acordo com a Resolu\u00e7\u00e3o 2.727, publicada hoje no Di\u00e1rio Oficial do munic\u00edpio, \u00e9 necess\u00e1rio, por exemplo, provar que os servi\u00e7os foram prestados diretamente para a organiza\u00e7\u00e3o dos eventos. As empresas ainda ter\u00e3o que obedecer alguns procedimentos, previstos na resolu\u00e7\u00e3o, para preenchimento da nota fiscal.<\/p>\n<p>&#8220;O Rio j\u00e1 havia prometido a isen\u00e7\u00e3o, mas \u00e9 a primeira cidade a regulamentar o benef\u00edcio&#8221;, diz o tributarista Marcelo Jabour, diretor da Lex Legis Consultoria Tribut\u00e1ria.<\/p>\n<p>A Fifa ainda dever\u00e1 entregar \u00e0 Secretaria de Finan\u00e7as a lista de entidades credenciadas. A isen\u00e7\u00e3o do imposto \u00e9 v\u00e1lida para os servi\u00e7os prestados pela Fifa e  entidades credenciadas de 26 de novembro de 2010 at\u00e9 60 dias ap\u00f3s o encerramento da Copa do Mundo de 2014.<\/p>\n","protected":false},"excerpt":{"rendered":"<p>As empresas credenciadas pela Fifa para organizar e realizar a Copa das Confedera\u00e7\u00f5es e do Mundo na cidade do Rio de Janeiro j\u00e1 podem aproveitar a isen\u00e7\u00e3o do Imposto sobre Servi\u00e7os (ISS). A Secretaria Municipal de Finan\u00e7as divulgou nesta ter\u00e7a-feira as regras para os contribuintes usufru\u00edrem do benef\u00edcio. De acordo com a Resolu\u00e7\u00e3o 2.727, publicada [&hellip;]<\/p>\n","protected":false},"author":1,"featured_media":0,"comment_status":"open","ping_status":"open","sticky":false,"template":"","format":"standard","meta":{"jetpack_post_was_ever_published":false,"_jetpack_newsletter_access":"","jetpack_publicize_message":"","jetpack_is_tweetstorm":false,"jetpack_publicize_feature_enabled":true,"jetpack_social_post_already_shared":false,"jetpack_social_options":{"image_generator_settings":{"template":"highway","enabled":false}}},"categories":[],"tags":[],"jetpack_publicize_connections":[],"jetpack_featured_media_url":"","jetpack_sharing_enabled":true,"jetpack_shortlink":"https:\/\/wp.me\/p28224-l0","jetpack_likes_enabled":true,"jetpack-related-posts":[],"amp_enabled":true,"_links":{"self":[{"href":"https:\/\/escritacontabilidade.adv.br\/blog\/wp-json\/wp\/v2\/posts\/1302"}],"collection":[{"href":"https:\/\/escritacontabilidade.adv.br\/blog\/wp-json\/wp\/v2\/posts"}],"about":[{"href":"https:\/\/escritacontabilidade.adv.br\/blog\/wp-json\/wp\/v2\/types\/post"}],"author":[{"embeddable":true,"href":"https:\/\/escritacontabilidade.adv.br\/blog\/wp-json\/wp\/v2\/users\/1"}],"replies":[{"embeddable":true,"href":"https:\/\/escritacontabilidade.adv.br\/blog\/wp-json\/wp\/v2\/comments?post=1302"}],"version-history":[{"count":1,"href":"https:\/\/escritacontabilidade.adv.br\/blog\/wp-json\/wp\/v2\/posts\/1302\/revisions"}],"predecessor-version":[{"id":1303,"href":"https:\/\/escritacontabilidade.adv.br\/blog\/wp-json\/wp\/v2\/posts\/1302\/revisions\/1303"}],"wp:attachment":[{"href":"https:\/\/escritacontabilidade.adv.br\/blog\/wp-json\/wp\/v2\/media?parent=1302"}],"wp:term":[{"taxonomy":"category","embeddable":true,"href":"https:\/\/escritacontabilidade.adv.br\/blog\/wp-json\/wp\/v2\/categories?post=1302"},{"taxonomy":"post_tag","embeddable":true,"href":"https:\/\/escritacontabilidade.adv.br\/blog\/wp-json\/wp\/v2\/tags?post=1302"}],"curies":[{"name":"wp","href":"https:\/\/api.w.org\/{rel}","templated":true}]}}