{"id":1287,"date":"2012-06-01T13:40:27","date_gmt":"2012-06-01T16:40:27","guid":{"rendered":"http:\/\/escritacontabilidade.adv.br\/blog\/?p=1287"},"modified":"2012-06-01T13:40:27","modified_gmt":"2012-06-01T16:40:27","slug":"vence-dia-6-de-junho-o-prazo-para-recolhimento","status":"publish","type":"post","link":"https:\/\/escritacontabilidade.adv.br\/blog\/2012\/06\/vence-dia-6-de-junho-o-prazo-para-recolhimento\/","title":{"rendered":"Vence dia 6 de junho o prazo para recolhimento"},"content":{"rendered":"<p>No dia 6-6 (quarta-feira), vence o prazo para recolhimento, sem acr\u00e9scimo, do FGTS &#8211; Fundo de Garantia do Tempo de Servi\u00e7o.<br \/>\nEst\u00e1 obrigado ao recolhimento todo empregador, urbano ou rural. O empregador dom\u00e9stico, quando tiver optado, tamb\u00e9m fica obrigado ao recolhimento.<br \/>\nO fato gerador do recolhimento \u00e9 a remunera\u00e7\u00e3o do m\u00eas de maio\/2012.<br \/>\nO arquivo Sefip dever\u00e1 ser transmitido com as informa\u00e7\u00f5es \u00e0 Previd\u00eancia Social, mesmo que n\u00e3o haja recolhimento ao FGTS.<br \/>\nPenalidade pelo recolhimento fora do prazo: &#8211; V. Edital da Caixa Econ\u00f4mica Federal divulgado no Portal COAD &#8211; Menu OBRIGA\u00c7\u00d5ES &#8211; Se\u00e7\u00e3o de Recolhimento em Atraso.<\/p>\n","protected":false},"excerpt":{"rendered":"<p>No dia 6-6 (quarta-feira), vence o prazo para recolhimento, sem acr\u00e9scimo, do FGTS &#8211; Fundo de Garantia do Tempo de Servi\u00e7o. Est\u00e1 obrigado ao recolhimento todo empregador, urbano ou rural. O empregador dom\u00e9stico, quando tiver optado, tamb\u00e9m fica obrigado ao recolhimento. O fato gerador do recolhimento \u00e9 a remunera\u00e7\u00e3o do m\u00eas de maio\/2012. O arquivo [&hellip;]<\/p>\n","protected":false},"author":1,"featured_media":0,"comment_status":"open","ping_status":"open","sticky":false,"template":"","format":"standard","meta":{"jetpack_post_was_ever_published":false,"_jetpack_newsletter_access":"","jetpack_publicize_message":"","jetpack_is_tweetstorm":false,"jetpack_publicize_feature_enabled":true,"jetpack_social_post_already_shared":false,"jetpack_social_options":{"image_generator_settings":{"template":"highway","enabled":false}}},"categories":[],"tags":[],"jetpack_publicize_connections":[],"jetpack_featured_media_url":"","jetpack_sharing_enabled":true,"jetpack_shortlink":"https:\/\/wp.me\/p28224-kL","jetpack_likes_enabled":true,"jetpack-related-posts":[],"amp_enabled":true,"_links":{"self":[{"href":"https:\/\/escritacontabilidade.adv.br\/blog\/wp-json\/wp\/v2\/posts\/1287"}],"collection":[{"href":"https:\/\/escritacontabilidade.adv.br\/blog\/wp-json\/wp\/v2\/posts"}],"about":[{"href":"https:\/\/escritacontabilidade.adv.br\/blog\/wp-json\/wp\/v2\/types\/post"}],"author":[{"embeddable":true,"href":"https:\/\/escritacontabilidade.adv.br\/blog\/wp-json\/wp\/v2\/users\/1"}],"replies":[{"embeddable":true,"href":"https:\/\/escritacontabilidade.adv.br\/blog\/wp-json\/wp\/v2\/comments?post=1287"}],"version-history":[{"count":1,"href":"https:\/\/escritacontabilidade.adv.br\/blog\/wp-json\/wp\/v2\/posts\/1287\/revisions"}],"predecessor-version":[{"id":1288,"href":"https:\/\/escritacontabilidade.adv.br\/blog\/wp-json\/wp\/v2\/posts\/1287\/revisions\/1288"}],"wp:attachment":[{"href":"https:\/\/escritacontabilidade.adv.br\/blog\/wp-json\/wp\/v2\/media?parent=1287"}],"wp:term":[{"taxonomy":"category","embeddable":true,"href":"https:\/\/escritacontabilidade.adv.br\/blog\/wp-json\/wp\/v2\/categories?post=1287"},{"taxonomy":"post_tag","embeddable":true,"href":"https:\/\/escritacontabilidade.adv.br\/blog\/wp-json\/wp\/v2\/tags?post=1287"}],"curies":[{"name":"wp","href":"https:\/\/api.w.org\/{rel}","templated":true}]}}