{"id":1249,"date":"2012-05-30T16:31:08","date_gmt":"2012-05-30T19:31:08","guid":{"rendered":"http:\/\/escritacontabilidade.adv.br\/blog\/?p=1249"},"modified":"2012-05-30T16:31:08","modified_gmt":"2012-05-30T19:31:08","slug":"divulgada-a-variacao-do-igp%e2%80%90m-em-maio-de-2012","status":"publish","type":"post","link":"https:\/\/escritacontabilidade.adv.br\/blog\/2012\/05\/divulgada-a-variacao-do-igp%e2%80%90m-em-maio-de-2012\/","title":{"rendered":"Divulgada a varia\u00e7\u00e3o do IGP?M em maio de 2012"},"content":{"rendered":"<p>O \u00cdndice Geral de Pre\u00e7os \u2013 Mercado (IGP?M) variou 1,02%, em maio. Em abril, o \u00edndice variou 0,85%. Em maio de 2011, a varia\u00e7\u00e3o foi de 0,43%. Em 12 meses, o IGP?M variou 4,26%. A taxa acumulada no ano \u00e9 de 2,51%. O IGP?M \u00e9 calculado com base nos pre\u00e7os coletados entre os dias 21 do m\u00eas anterior e 20 do m\u00eas de refer\u00eancia.<\/p>\n","protected":false},"excerpt":{"rendered":"<p>O \u00cdndice Geral de Pre\u00e7os \u2013 Mercado (IGP?M) variou 1,02%, em maio. Em abril, o \u00edndice variou 0,85%. Em maio de 2011, a varia\u00e7\u00e3o foi de 0,43%. Em 12 meses, o IGP?M variou 4,26%. A taxa acumulada no ano \u00e9 de 2,51%. O IGP?M \u00e9 calculado com base nos pre\u00e7os coletados entre os dias 21 [&hellip;]<\/p>\n","protected":false},"author":1,"featured_media":0,"comment_status":"open","ping_status":"open","sticky":false,"template":"","format":"standard","meta":{"jetpack_post_was_ever_published":false,"_jetpack_newsletter_access":"","jetpack_publicize_message":"","jetpack_is_tweetstorm":false,"jetpack_publicize_feature_enabled":true,"jetpack_social_post_already_shared":false,"jetpack_social_options":{"image_generator_settings":{"template":"highway","enabled":false}}},"categories":[],"tags":[],"jetpack_publicize_connections":[],"jetpack_featured_media_url":"","jetpack_sharing_enabled":true,"jetpack_shortlink":"https:\/\/wp.me\/p28224-k9","jetpack_likes_enabled":true,"jetpack-related-posts":[],"amp_enabled":true,"_links":{"self":[{"href":"https:\/\/escritacontabilidade.adv.br\/blog\/wp-json\/wp\/v2\/posts\/1249"}],"collection":[{"href":"https:\/\/escritacontabilidade.adv.br\/blog\/wp-json\/wp\/v2\/posts"}],"about":[{"href":"https:\/\/escritacontabilidade.adv.br\/blog\/wp-json\/wp\/v2\/types\/post"}],"author":[{"embeddable":true,"href":"https:\/\/escritacontabilidade.adv.br\/blog\/wp-json\/wp\/v2\/users\/1"}],"replies":[{"embeddable":true,"href":"https:\/\/escritacontabilidade.adv.br\/blog\/wp-json\/wp\/v2\/comments?post=1249"}],"version-history":[{"count":1,"href":"https:\/\/escritacontabilidade.adv.br\/blog\/wp-json\/wp\/v2\/posts\/1249\/revisions"}],"predecessor-version":[{"id":1250,"href":"https:\/\/escritacontabilidade.adv.br\/blog\/wp-json\/wp\/v2\/posts\/1249\/revisions\/1250"}],"wp:attachment":[{"href":"https:\/\/escritacontabilidade.adv.br\/blog\/wp-json\/wp\/v2\/media?parent=1249"}],"wp:term":[{"taxonomy":"category","embeddable":true,"href":"https:\/\/escritacontabilidade.adv.br\/blog\/wp-json\/wp\/v2\/categories?post=1249"},{"taxonomy":"post_tag","embeddable":true,"href":"https:\/\/escritacontabilidade.adv.br\/blog\/wp-json\/wp\/v2\/tags?post=1249"}],"curies":[{"name":"wp","href":"https:\/\/api.w.org\/{rel}","templated":true}]}}