{"id":1155,"date":"2012-05-23T13:51:12","date_gmt":"2012-05-23T16:51:12","guid":{"rendered":"http:\/\/escritacontabilidade.adv.br\/blog\/?p=1155"},"modified":"2012-05-23T13:51:12","modified_gmt":"2012-05-23T16:51:12","slug":"receita-esclarece-regime-de-transicao","status":"publish","type":"post","link":"https:\/\/escritacontabilidade.adv.br\/blog\/2012\/05\/receita-esclarece-regime-de-transicao\/","title":{"rendered":"Receita esclarece regime de transi\u00e7\u00e3o"},"content":{"rendered":"<p>As empresas que possuem gastos com desenvolvimento de pesquisas e est\u00e3o sujeitas ao Regime Tribut\u00e1rio de Transi\u00e7\u00e3o (RTT) devem adotar as normas antigas de contabilidade para apurar o Imposto de Renda Pessoa Jur\u00eddica (IRPF) e a Contribui\u00e7\u00e3o Social sobre o Lucro L\u00edquido (CSLL).<br \/>\nA orienta\u00e7\u00e3o \u00e9 da Superintend\u00eancia da Receita Federal em Minas Gerais, e est\u00e1 prevista na Solu\u00e7\u00e3o de Consulta n\u00ba 47, de 11 de maio.<br \/>\nApesar de o Brasil ter adotado o padr\u00e3o internacional de contabilidade \u2013 que passou a valer em 2008 \u2013 o governo instituiu um regime de transi\u00e7\u00e3o para que as novas normas n\u00e3o causem grande impacto na apura\u00e7\u00e3o de tributos.<br \/>\nCom a interpreta\u00e7\u00e3o da Receita, os chamados ativos intang\u00edveis (marcas e f\u00f3rmulas de produtos, al\u00e9m dos gastos com desenvolvimento de pesquisas) devem ser contabilizados junto com os ativos imobilizados (m\u00e1quinas e equipamentos, por exemplo), como prev\u00ea as normas de contabilidade antigas. Pelas regras internacionais, os ativos devem ser separados.<br \/>\n\u201cO Fisco confirma que a empresa deve usar as regras internacionais para a contabilidade societ\u00e1ria. Mas para fins tribut\u00e1rios as novas normas s\u00e3o neutralizadas, \u00e9 como se houvesse duas contabilidades\u201d, afirma o advogado Fabio Calcini, do escrit\u00f3rio Brasil Salom\u00e3o e Matthes Advocacia.<\/p>\n","protected":false},"excerpt":{"rendered":"<p>As empresas que possuem gastos com desenvolvimento de pesquisas e est\u00e3o sujeitas ao Regime Tribut\u00e1rio de Transi\u00e7\u00e3o (RTT) devem adotar as normas antigas de contabilidade para apurar o Imposto de Renda Pessoa Jur\u00eddica (IRPF) e a Contribui\u00e7\u00e3o Social sobre o Lucro L\u00edquido (CSLL). A orienta\u00e7\u00e3o \u00e9 da Superintend\u00eancia da Receita Federal em Minas Gerais, e [&hellip;]<\/p>\n","protected":false},"author":1,"featured_media":0,"comment_status":"open","ping_status":"open","sticky":false,"template":"","format":"standard","meta":{"jetpack_post_was_ever_published":false,"_jetpack_newsletter_access":"","jetpack_publicize_message":"","jetpack_is_tweetstorm":false,"jetpack_publicize_feature_enabled":true,"jetpack_social_post_already_shared":false,"jetpack_social_options":{"image_generator_settings":{"template":"highway","enabled":false}}},"categories":[],"tags":[],"jetpack_publicize_connections":[],"jetpack_featured_media_url":"","jetpack_sharing_enabled":true,"jetpack_shortlink":"https:\/\/wp.me\/p28224-iD","jetpack_likes_enabled":true,"jetpack-related-posts":[],"amp_enabled":true,"_links":{"self":[{"href":"https:\/\/escritacontabilidade.adv.br\/blog\/wp-json\/wp\/v2\/posts\/1155"}],"collection":[{"href":"https:\/\/escritacontabilidade.adv.br\/blog\/wp-json\/wp\/v2\/posts"}],"about":[{"href":"https:\/\/escritacontabilidade.adv.br\/blog\/wp-json\/wp\/v2\/types\/post"}],"author":[{"embeddable":true,"href":"https:\/\/escritacontabilidade.adv.br\/blog\/wp-json\/wp\/v2\/users\/1"}],"replies":[{"embeddable":true,"href":"https:\/\/escritacontabilidade.adv.br\/blog\/wp-json\/wp\/v2\/comments?post=1155"}],"version-history":[{"count":1,"href":"https:\/\/escritacontabilidade.adv.br\/blog\/wp-json\/wp\/v2\/posts\/1155\/revisions"}],"predecessor-version":[{"id":1156,"href":"https:\/\/escritacontabilidade.adv.br\/blog\/wp-json\/wp\/v2\/posts\/1155\/revisions\/1156"}],"wp:attachment":[{"href":"https:\/\/escritacontabilidade.adv.br\/blog\/wp-json\/wp\/v2\/media?parent=1155"}],"wp:term":[{"taxonomy":"category","embeddable":true,"href":"https:\/\/escritacontabilidade.adv.br\/blog\/wp-json\/wp\/v2\/categories?post=1155"},{"taxonomy":"post_tag","embeddable":true,"href":"https:\/\/escritacontabilidade.adv.br\/blog\/wp-json\/wp\/v2\/tags?post=1155"}],"curies":[{"name":"wp","href":"https:\/\/api.w.org\/{rel}","templated":true}]}}